{"id":637,"date":"2025-04-22T15:11:23","date_gmt":"2025-04-22T15:11:23","guid":{"rendered":"https:\/\/frauenkollektiv.de\/?p=637"},"modified":"2025-04-22T15:11:24","modified_gmt":"2025-04-22T15:11:24","slug":"nehmen-sie-und-eine-antworten-wir-alle","status":"publish","type":"post","link":"https:\/\/frauenkollektiv.de\/index.php\/2025\/04\/22\/nehmen-sie-und-eine-antworten-wir-alle\/","title":{"rendered":"Nehmen sie und eine &#8211; Antworten wir alle!"},"content":{"rendered":"\n<div class=\"wp-block-stackable-text stk-block-text stk-block stk-c8241d4\" data-block-id=\"c8241d4\"><p class=\"stk-block-text__text\">In den letzten Wochen h\u00e4uften sich die Nachrichten \u00fcber Femizide in Deutschland.<\/p><\/div>\n\n\n\n<ul class=\"wp-block-list\">\n<li>In Klettbach erschoss ein Polizist seine Frau und beiden Kinder mit seiner Dienstwaffe.<\/li>\n\n\n\n<li>In Wetzlar wurde eine 17-j\u00e4hrige durch einen vorbestraften Neonazi ermordet.<\/li>\n\n\n\n<li>In der JVA Burg wurde eine Frau w\u00e4hrend der Besucherzeit von ihrem inhaftierten Ehemann ermordet.<\/li>\n<\/ul>\n\n\n\n<div class=\"wp-block-stackable-text stk-block-text stk-block stk-41529a6\" data-block-id=\"41529a6\"><p class=\"stk-block-text__text\">Das sind nur einige wenige Beispiele der Schlagzeilen der letzten Wochen. Die Rolle des deutschen Staats in all diesen Femiziden ist deutlich. Der deutsche Staat sch\u00fctzt Frauen nicht, er l\u00e4sst Neonazis mit Waffen rumlaufen und dr\u00fcckt gewaltbereiten Polizisten die Waffe in die Hand, mit der sie ihre Frau ermorden. Auch wissen wir schon, dass Gewalttaten an Frauen kaum bestraft werden.<\/p><\/div>\n\n\n\n<div class=\"wp-block-stackable-text stk-block-text stk-block stk-f7660e0\" data-block-id=\"f7660e0\"><p class=\"stk-block-text__text\">Wie etwa der Feuerwehrmann, der eine Bekannte vergewaltigte und trotz Schuld-spruch nur zu 6 Monaten auf Bew\u00e4hrung verurteilt wurde, um seinen Beamtenstatus nicht zu gef\u00e4hrden. M\u00e4nnlichen Gewalt-t\u00e4tern will man nicht die Zukunft nehmen &#8211; doch Frauen wird jeden Tag in Deutschland durch Femizide die Zukunft genommen.<\/p><\/div>\n\n\n\n<div class=\"wp-block-stackable-text stk-block-text stk-block stk-176b8a9\" data-block-id=\"176b8a9\"><p class=\"stk-block-text__text\">2023 z\u00e4hlte das Bundeskriminalamt 938 versuchte Femizide &#8211; 360 davon endeten t\u00f6tlich. Und trotz dieser erschreckenden Zahlen fehlen in Deutschland immer noch mehr als 13.000 Frauenhauspl\u00e4tze. Angesichts dessen kann man nicht, wie es in der b\u00fcrgerlichen Presse nur zu oft passiert, von einem \u201eEinzelfall\u201c, einem \u201eFamiliendrama\u201c oder einer \u201eBeziehungstat\u201c sprechen. Femizide und Gewalt an Frauen sind ein allgegenw\u00e4rtiges Thema. Sie sind nicht privat, sondern politisch. Und genau so werden wir damit umgehen.<\/p><\/div>\n\n\n\n<div class=\"wp-block-stackable-text stk-block-text stk-block stk-62a7f1b\" data-block-id=\"62a7f1b\"><p class=\"stk-block-text__text\">Aktuell k\u00f6nnen wir beobachten, wie weltweit faschistische Kr\u00e4fte und traditionelle Rollenbilder erstarken und Angriffe auf die Rechte von Frauen und trans Personen massiv zunehmen. In Teilen der USA darf man als Frau keine kurzen Haare tragen, in Deutschland spricht sich der angehende Kanzler daf\u00fcr aus uns das Recht auf k\u00f6rperliche Selbstbestimmung zu nehmen. Die faschistische AfD als 2. st\u00e4rkste Partei der Bundeswahl hat dies sogar in ihrem Wahlprogramm verankert.<\/p><\/div>\n\n\n\n<div class=\"wp-block-stackable-text stk-block-text stk-block stk-e9171da\" data-block-id=\"e9171da\"><p class=\"stk-block-text__text\">Gleichzeitig spitzten sich zwischenimperialistische Konflikte zu. An allen Ecken und Enden wird aufger\u00fcstet, die USA f\u00fchrt einen Wirtschaftskrieg und wir sehen uns mit Massenentlassungen konfrontiert. Diese Krise wird immer auf dem R\u00fccken von uns Arbeiter:innen und vor allem auf uns Frauen abgew\u00e4lzt. Mit all diesen Entwicklungen steigt n\u00e4mlich auch patriarchale Gewalt an.<\/p><\/div>\n\n\n\n<div class=\"wp-block-stackable-text stk-block-text stk-block stk-598e92e\" data-block-id=\"598e92e\"><p class=\"stk-block-text__text\">Wir werden in die Bundeswehr, in die K\u00fcche, oder in die Kriegsproduktion gedr\u00e4ngt. Wenn wir uns durch integrative Methoden diesen Entwicklungen nicht beugen wollen, dann wird das eben mit Gewalt durchgesetzt.<\/p><\/div>\n\n\n\n<div class=\"wp-block-stackable-text stk-block-text stk-block stk-84613e9\" data-block-id=\"84613e9\"><p class=\"stk-block-text__text\">Unsere Antwort ist klar: Wir verlassen uns auf keinen Staat, wir nehmen unsere Zukunft selbst in die Hand! Lasst uns organisiert gemeinsam als Frauen f\u00fcreinander einstehen und gegen Femizide k\u00e4mpfen. Denn nehmen sie uns eine, antworten wir alle!<\/p><\/div>\n","protected":false},"excerpt":{"rendered":"<p>In den letzten Wochen h\u00e4uften sich die Nachrichten \u00fcber Femizide in Deutschland. Das sind nur einige wenige Beispiele der Schlagzeilen der letzten Wochen. Die Rolle des deutschen Staats in all diesen Femiziden ist deutlich. Der deutsche Staat sch\u00fctzt Frauen nicht, er l\u00e4sst Neonazis mit Waffen rumlaufen und dr\u00fcckt gewaltbereiten Polizisten die Waffe in die Hand, [&hellip;]<\/p>\n","protected":false},"author":1,"featured_media":638,"comment_status":"open","ping_status":"open","sticky":false,"template":"","format":"standard","meta":{"_jetpack_memberships_contains_paid_content":false,"footnotes":""},"categories":[31],"tags":[39,40],"class_list":["post-637","post","type-post","status-publish","format-standard","has-post-thumbnail","hentry","category-erklaerung","tag-femizid","tag-femizide"],"blocksy_meta":[],"jetpack_featured_media_url":"https:\/\/frauenkollektiv.de\/wp-content\/uploads\/2025\/04\/1.png","jetpack_sharing_enabled":true,"_links":{"self":[{"href":"https:\/\/frauenkollektiv.de\/index.php\/wp-json\/wp\/v2\/posts\/637","targetHints":{"allow":["GET"]}}],"collection":[{"href":"https:\/\/frauenkollektiv.de\/index.php\/wp-json\/wp\/v2\/posts"}],"about":[{"href":"https:\/\/frauenkollektiv.de\/index.php\/wp-json\/wp\/v2\/types\/post"}],"author":[{"embeddable":true,"href":"https:\/\/frauenkollektiv.de\/index.php\/wp-json\/wp\/v2\/users\/1"}],"replies":[{"embeddable":true,"href":"https:\/\/frauenkollektiv.de\/index.php\/wp-json\/wp\/v2\/comments?post=637"}],"version-history":[{"count":1,"href":"https:\/\/frauenkollektiv.de\/index.php\/wp-json\/wp\/v2\/posts\/637\/revisions"}],"predecessor-version":[{"id":639,"href":"https:\/\/frauenkollektiv.de\/index.php\/wp-json\/wp\/v2\/posts\/637\/revisions\/639"}],"wp:featuredmedia":[{"embeddable":true,"href":"https:\/\/frauenkollektiv.de\/index.php\/wp-json\/wp\/v2\/media\/638"}],"wp:attachment":[{"href":"https:\/\/frauenkollektiv.de\/index.php\/wp-json\/wp\/v2\/media?parent=637"}],"wp:term":[{"taxonomy":"category","embeddable":true,"href":"https:\/\/frauenkollektiv.de\/index.php\/wp-json\/wp\/v2\/categories?post=637"},{"taxonomy":"post_tag","embeddable":true,"href":"https:\/\/frauenkollektiv.de\/index.php\/wp-json\/wp\/v2\/tags?post=637"}],"curies":[{"name":"wp","href":"https:\/\/api.w.org\/{rel}","templated":true}]}}