{"id":624,"date":"2025-04-07T12:00:01","date_gmt":"2025-04-07T12:00:01","guid":{"rendered":"https:\/\/frauenkollektiv.de\/?p=624"},"modified":"2025-04-07T12:00:03","modified_gmt":"2025-04-07T12:00:03","slug":"straffreiheit-fuer-vergewaltiger-unsere-antwort-frauensolidaritaet","status":"publish","type":"post","link":"https:\/\/frauenkollektiv.de\/index.php\/2025\/04\/07\/straffreiheit-fuer-vergewaltiger-unsere-antwort-frauensolidaritaet\/","title":{"rendered":"Straffreiheit f\u00fcr Vergewaltiger &#8211; Unsere Antwort: Frauensolidarit\u00e4t"},"content":{"rendered":"\n<div class=\"wp-block-stackable-text stk-block-text stk-block stk-3c0031d\" data-block-id=\"3c0031d\"><p class=\"stk-block-text__text\">Durch die Medien gehen gerade Berichte \u00fcber einen Vergewaltigungsfall aus Belgien, der sich im November 2023 ereignete. Ein 24-j\u00e4hriger Medizinstudent vergewaltigte eine Kommilitonin nach einer Halloween Party und kam daraufhin vor Gericht. Dort wurde der Medizinstudent schuldig gesprochen: Er hat die Studentin vergewaltigt. Trotz des Schuldspruchs bleibt eine Strafe jedoch aus. Der Staatsanwalt forderte 3 Jahre auf Bew\u00e4hrung, doch weder Haftstrafe, Bew\u00e4hrung oder Geldstrafe muss der T\u00e4ter verb\u00fc\u00dfen.<\/p><\/div>\n\n\n\n<div class=\"wp-block-stackable-text stk-block-text stk-block stk-3b7cb9f\" data-block-id=\"3b7cb9f\"><p class=\"stk-block-text__text\">Die Begr\u00fcndung: Der Schuldige sei noch jung und ohne Vorstrafen, au\u00dferdem sei er ein talentierter Medizinstudent, der sp\u00e4ter ein guter Gyn\u00e4kologe werden k\u00f6nne. Ein solcher Eintrag ins Strafregister, so die Sorge des Richters, w\u00fcrde ihm die berufliche Zukunft im medizinischen Sektor erschweren. Auch wenn er f\u00fcr schuldig befunden wurde, folgen daher f\u00fcr ihn keinerlei juristische Konsequenzen. Die Universit\u00e4t, die er besucht, zeigte sich best\u00fcrzt, es folgte jedoch kein Rauswurf, lediglich eine Suspendierung.<\/p><\/div>\n\n\n\n<div class=\"wp-block-stackable-heading stk-block-heading stk-block-heading--v2 stk-block stk-c350808\" id=\"dieser-staat-schutzt-uns-nicht\" data-block-id=\"c350808\"><h2 class=\"stk-block-heading__text\">Dieser Staat sch\u00fctzt uns nicht<\/h2><\/div>\n\n\n\n<div class=\"wp-block-stackable-text stk-block-text stk-block stk-3a7f303\" data-block-id=\"3a7f303\"><p class=\"stk-block-text__text\">Dass ein verurteilter Vergewaltiger in Zukunft gyn\u00e4kologische Untersuchungen an Frauen in Belgien durchf\u00fchren soll, macht eins deutlich: Dem belgischen Staat ist der Schutz von Frauen und M\u00e4dchen egal. Statt die Betroffene zu sch\u00fctzen, sch\u00fctzt er den T\u00e4ter. Das Urteil erinnert an einen Fall der sich vor kurzem in Deutschland ereignete: Ein Feuerwehrmann vergewaltigte eine Bekannte, wurde aber trotz Schuldspruch nur zu 6 Monaten auf Bew\u00e4hrung verurteilt, weil eine l\u00e4ngere Strafe seinen Beamtenstatus gef\u00e4hrden w\u00fcrde. Beide F\u00e4lle zeigen mal wieder: Der Staat sch\u00fctzt uns nicht vor patriarchaler Gewalt,. Das sehen wir immer wieder. Wenn es um unsere Sicherheit geht, k\u00f6nnen wir uns auf den Staat nicht verlassen!<\/p><\/div>\n\n\n\n<div class=\"wp-block-stackable-heading stk-block-heading stk-block-heading--v2 stk-block stk-620b93d\" id=\"unsere-antwort-frauensolidaritat\" data-block-id=\"620b93d\"><h2 class=\"stk-block-heading__text\">Unsere Antwort Frauensolidarit\u00e4t!<\/h2><\/div>\n\n\n\n<div class=\"wp-block-stackable-text stk-block-text stk-block stk-4f0d87e\" data-block-id=\"4f0d87e\"><p class=\"stk-block-text__text\">Wenn wir uns auf den Staat nicht verlassen k\u00f6nnen, dann bleibt uns nur eins:<br>Frauensolidarit\u00e4t und gemeinsam f\u00fcr Gerechtigkeit zu k\u00e4mpfen.<\/p><\/div>\n\n\n\n<div class=\"wp-block-stackable-text stk-block-text stk-block stk-7ef4a35\" data-block-id=\"7ef4a35\"><p class=\"stk-block-text__text\">Auch im Fall von Belgien handelte man schnell und solidarisch. Als Reaktion auf das Urteil kam es in Belgien, aber auch \u00fcber die Grenzen hinaus, zu Protesten. Im Internet solidarisierten sich viele mit der Betroffenen und es wurde eine Petition gestartet, die fordert, dass der T\u00e4ter dauerhaft vom Arztberuf ausgeschlossen wird.<\/p><\/div>\n\n\n\n<div class=\"wp-block-stackable-text stk-block-text stk-block stk-46e003b\" data-block-id=\"46e003b\"><p class=\"stk-block-text__text\">Wenn uns der Staat Ungerechtigkeit und Unterdr\u00fcckung entgegen bringt, dann lautet unsere Antwort gemeinsam dagegen zu k\u00e4mpfen!<\/p><\/div>\n\n\n\n<div class=\"wp-block-stackable-text stk-block-text stk-block stk-a222c34\" data-block-id=\"a222c34\"><p class=\"stk-block-text__text\">Lasst uns als proletarische Frauen auch am 1. Mai diesen Kampf auf die Stra\u00dfen tragen! Sagen wir diesem kapitalistisch-patriarchalen System den Kampf an!<\/p><\/div>\n","protected":false},"excerpt":{"rendered":"<p>Durch die Medien gehen gerade Berichte \u00fcber einen Vergewaltigungsfall aus Belgien, der sich im November 2023 ereignete. Ein 24-j\u00e4hriger Medizinstudent vergewaltigte eine Kommilitonin nach einer Halloween Party und kam daraufhin vor Gericht. Dort wurde der Medizinstudent schuldig gesprochen: Er hat die Studentin vergewaltigt. Trotz des Schuldspruchs bleibt eine Strafe jedoch aus. Der Staatsanwalt forderte 3 [&hellip;]<\/p>\n","protected":false},"author":1,"featured_media":625,"comment_status":"open","ping_status":"open","sticky":false,"template":"","format":"standard","meta":{"_jetpack_memberships_contains_paid_content":false,"footnotes":""},"categories":[31],"tags":[38],"class_list":["post-624","post","type-post","status-publish","format-standard","has-post-thumbnail","hentry","category-erklaerung","tag-sexualisierte-gewalt"],"blocksy_meta":[],"jetpack_featured_media_url":"https:\/\/frauenkollektiv.de\/wp-content\/uploads\/2025\/04\/signal-2025-04-07-085628.jpeg","jetpack_sharing_enabled":true,"_links":{"self":[{"href":"https:\/\/frauenkollektiv.de\/index.php\/wp-json\/wp\/v2\/posts\/624","targetHints":{"allow":["GET"]}}],"collection":[{"href":"https:\/\/frauenkollektiv.de\/index.php\/wp-json\/wp\/v2\/posts"}],"about":[{"href":"https:\/\/frauenkollektiv.de\/index.php\/wp-json\/wp\/v2\/types\/post"}],"author":[{"embeddable":true,"href":"https:\/\/frauenkollektiv.de\/index.php\/wp-json\/wp\/v2\/users\/1"}],"replies":[{"embeddable":true,"href":"https:\/\/frauenkollektiv.de\/index.php\/wp-json\/wp\/v2\/comments?post=624"}],"version-history":[{"count":1,"href":"https:\/\/frauenkollektiv.de\/index.php\/wp-json\/wp\/v2\/posts\/624\/revisions"}],"predecessor-version":[{"id":626,"href":"https:\/\/frauenkollektiv.de\/index.php\/wp-json\/wp\/v2\/posts\/624\/revisions\/626"}],"wp:featuredmedia":[{"embeddable":true,"href":"https:\/\/frauenkollektiv.de\/index.php\/wp-json\/wp\/v2\/media\/625"}],"wp:attachment":[{"href":"https:\/\/frauenkollektiv.de\/index.php\/wp-json\/wp\/v2\/media?parent=624"}],"wp:term":[{"taxonomy":"category","embeddable":true,"href":"https:\/\/frauenkollektiv.de\/index.php\/wp-json\/wp\/v2\/categories?post=624"},{"taxonomy":"post_tag","embeddable":true,"href":"https:\/\/frauenkollektiv.de\/index.php\/wp-json\/wp\/v2\/tags?post=624"}],"curies":[{"name":"wp","href":"https:\/\/api.w.org\/{rel}","templated":true}]}}