{"id":530,"date":"2025-03-31T13:00:59","date_gmt":"2025-03-31T13:00:59","guid":{"rendered":"https:\/\/frauenkollektiv.de\/?p=530"},"modified":"2025-03-31T23:51:55","modified_gmt":"2025-03-31T23:51:55","slug":"unser-umgang-mit-patriarchaler-gewalt","status":"publish","type":"post","link":"https:\/\/frauenkollektiv.de\/index.php\/2025\/03\/31\/unser-umgang-mit-patriarchaler-gewalt\/","title":{"rendered":"Unser Umgang mit patriarchaler Gewalt"},"content":{"rendered":"\n<div class=\"wp-block-stackable-heading stk-block-heading stk-block-heading--v2 stk-block stk-64dcd5b\" id=\"ergebnisse-des-3-frauenkollektiv-kongresses\" data-block-id=\"64dcd5b\"><h2 class=\"stk-block-heading__text\">Ergebnisse des 3. Frauenkollektiv Kongresses<\/h2><\/div>\n\n\n\n<div class=\"wp-block-stackable-text stk-block-text stk-block stk-0ddaceb\" data-block-id=\"0ddaceb\"><p class=\"stk-block-text__text\">Am ersten Dezemberwochenende 2024 hat der 3. Kongress des Frauenkollektivs stattgefunden. Zu Gast waren dabei Frauen aus allen Organisationen der FKO. Gemeinsam wurden an dem Wochenende verschiedene Diskussionen gef\u00fchrt, ein besonderer Fokus wurde auf den Umgang mit patriarchaler Gewalt in den eigenen Reihen gelegt.<\/p><\/div>\n\n\n\n<div class=\"wp-block-stackable-text stk-block-text stk-block stk-0d89024\" data-block-id=\"0d89024\"><p class=\"stk-block-text__text\">In aktuellen Zeiten von Krieg, KRise und Faschisierung steigt auch patriarchale Gewalt an. Diese Gewalt macht nicht vor politischen R\u00e4umen halt. Besonders die in den letzten Monaten ver\u00f6ffentlichten Vorw\u00fcrfe u.A. gegen die FKO haben uns vor Augen gef\u00fchrt, dass wir als F\u00f6deration eigene Strukturen ben\u00f6tigen, um mit dieser Gewalt in den eigenen Reihen umzugehen.<\/p><\/div>\n\n\n\n<div class=\"wp-block-stackable-text stk-block-text stk-block stk-ba6a7a3\" data-block-id=\"ba6a7a3\"><p class=\"stk-block-text__text\">Auch wenn wir in den Statements konkrete politische Angriffe sehen, steckt in ihnen auch berechtigte Kritik, die wir ernst nehmen und nach der wir handeln m\u00fcssen.<\/p><\/div>\n\n\n\n<div class=\"wp-block-stackable-text stk-block-text stk-block stk-86e22bb\" data-block-id=\"86e22bb\"><p class=\"stk-block-text__text\">Wir haben das zum Anlass genommen, um mit den Frauen der gesamten F\u00f6deration auf unserem Kongress ideologische Diskussionen zu f\u00fchren, unsere Linie im Umgang mit patriarchaler Gewalt zu sch\u00e4rfen und damit die Grundlage zu legen f\u00fcr konkrete Entwicklungsschritte und Umstrukturierungen im Frauenkollektiv und in der F\u00f6deration. Im Folgenden wollen wir diese Ergebnisse mit euch teilen.<\/p><\/div>\n\n\n\n<div class=\"wp-block-stackable-heading stk-block-heading stk-block-heading--v2 stk-block stk-0322803\" id=\"rolle-des-frauenkollektivs-als-frauenorganisation-der-fko\" data-block-id=\"0322803\"><h2 class=\"stk-block-heading__text\">Rolle des Frauenkollektivs als Frauenorganisation der FKO<\/h2><\/div>\n\n\n\n<div class=\"wp-block-stackable-text stk-block-text stk-block stk-70a63dc\" data-block-id=\"70a63dc\"><p class=\"stk-block-text__text\">Ein viel diskutierter Punkt auf dem Kongress war die Rolle des Frauenkollektivs als Frauenorganisation in der FKO. Hierbei ist schnell klar geworden, dass das Frauenkollektiv zwar eine besondere Rolle einnimmt in der Organisierung von Frauen und der Fokussierung der Frauenarbeit, allerdings nicht alleine die Verantwortung f\u00fcr den Kampf gegen das Patriarchat in der gesamten F\u00f6deration tragen kann und sollte. Diese Aufgabe haben alle Organisationen, den Kampf gegen das Patriarchat anzuleiten ist die Aufgabe aller Frauen der F\u00f6deration.<\/p><\/div>\n\n\n\n<div class=\"wp-block-stackable-text stk-block-text stk-block stk-2f57d20\" data-block-id=\"2f57d20\"><p class=\"stk-block-text__text\">Nichtsdestotrotz kann das Frauenkollektiv durch die Erfahrungen in der Arbeit und den bereits erarbeiteten ideologischen Grundlagen eine antreibende Rolle in der Entwicklung der notwendigen Strukturen f\u00fcr die Arbeit sein.<\/p><\/div>\n\n\n\n<div class=\"wp-block-stackable-heading stk-block-heading stk-block-heading--v2 stk-block stk-dcb25cb\" id=\"leitlinien-im-umgang-mit-patriarchaler-gewalt\" data-block-id=\"dcb25cb\"><h2 class=\"stk-block-heading__text\">Leitlinien im Umgang mit patriarchaler Gewalt<\/h2><\/div>\n\n\n\n<div class=\"wp-block-stackable-text stk-block-text stk-block stk-a180c98\" data-block-id=\"a180c98\"><p class=\"stk-block-text__text\">Auf dem Kongress wurde festgestellt, dass Leitlinien notwendig sind f\u00fcr den Kampf gegen patriarchale Gewalt in den eigenen Reihen. Dementsprechend wurde auf dem Kongress beschlossen, dass das Frauenkollektiv Leitlinien auf Grundlage der gef\u00fchrten Diskussionen erstellt und diese dann den anderen FKO-Organisationen zur Verf\u00fcgung stellt. Diese Leitlinien werden wir im April ver\u00f6ffentlichen. Au\u00dferdem wurde diskutiert, dass Leitlinien zwar ein guter und notwendiger erster Schritt sind, jedoch nicht ausreichen, wenn wir dem Patriarchat in den eigenen Reihen den Kampf ansagen wollen. Daher werden wir gemeinsam mit den anderen Organisationen der FKO in der kommenden Zeit diskutieren, wie zust\u00e4ndige Gremien f\u00fcr diese Form der Arbeit aussehen und aufgebaut werden k\u00f6nnen und wie wir Genossinnen f\u00fcr diese Arbeit entsprechend schulen k\u00f6nnen.<\/p><\/div>\n\n\n\n<div class=\"wp-block-stackable-heading stk-block-heading stk-block-heading--v2 stk-block stk-4a93574\" id=\"den-kampf-fur-die-frauenrevolution-voran-treiben\" data-block-id=\"4a93574\"><h2 class=\"stk-block-heading__text\">Den Kampf f\u00fcr die Frauenrevolution voran treiben<\/h2><\/div>\n\n\n\n<div class=\"wp-block-stackable-text stk-block-text stk-block stk-13f7fcd\" data-block-id=\"13f7fcd\"><p class=\"stk-block-text__text\"><strong>Geschlechtsbewusstseinsentwicklung<\/strong><br>Ein zentraler Punkt im Kampf gegen patriarchale Gewalt und dem Kampf f\u00fcr die Frauenrevolution ist die Entwicklung von Geschlechtsbewusstsein. Deshalb sehen wir es auch als eine weitere zentrale Aufgabe innerhalb der FKO und des Frauenkollektivs das Geschlechtsbewussstsein in unseren eigenen Reihen zu heben. Nur damit k\u00f6nnen wir ein kollektives Bewusstsein und Verantwortung im Kampf gegen das Patriarchat sichern. Nur damit k\u00f6nnen wir patriarchale Gewalt verhindern, bevor sie entsteht.<\/p><\/div>\n\n\n\n<div class=\"wp-block-stackable-text stk-block-text stk-block stk-dc7d98e\" data-block-id=\"dc7d98e\"><p class=\"stk-block-text__text\"><strong>Selbstverteidigung und Selbstbestimmung der Frau<\/strong><br>Der Akt der Selbsterm\u00e4chtigung von Frauen, das \u00dcben und Organisieren von konkreter Verteidigung in Angriffsf\u00e4llen kann eine Wechselwirkung auf Frauen haben und zu einem verst\u00e4rkten Selbstbewusstsein f\u00fchren. Wir k\u00f6nnen und wollen als Frauen auf keine Methode im Kampf gegen patriarchale Gewalt verzichten. Der Ausbau unserer M\u00f6glichkeiten und Kampfformen ist ein notwendiger Schritt im Kampf f\u00fcr die Frauenrevolution.<\/p><\/div>\n\n\n\n<div class=\"wp-block-stackable-text stk-block-text stk-block stk-34fd577\" data-block-id=\"34fd577\"><p class=\"stk-block-text__text\"><strong>Frauen voran<\/strong><br>Der 3. Kongress des Frauenkollektivs ist ein Erfolg im Kampf gegen das Patriarchat, ein weiterer Schritt zum Aufbau einer proletarischen Frauenbewegung, im Kampf f\u00fcr die Frauenrevolution. Doch hierbei d\u00fcrfen und wollen wir als Frauenkollektiv nicht stehen bleiben. Die kommenden 2 Jahre werden weitere Kampfjahre sein, in denen wir uns als Frauen entschieden allen kommenden Angriffe auf unsere Klasse entgegen stellen werden. Egal ob in Form von Haushaltsk\u00fcrzungen, Massenentlassungen, Faschisierung und dem Anstieg von Gewalt an Frauen. Wir werden weiter unseren Kampf f\u00fcr die Frauenrevolution voran treiben, in unseren eigenen Reihen und au\u00dferhalb.<\/p><\/div>\n\n\n\n<div class=\"wp-block-stackable-text stk-block-text stk-block stk-f4181d3\" data-block-id=\"f4181d3\"><p class=\"stk-block-text__text\"><strong>Denn gegen das Patriarchat gibt\u2019s nur eine Option \u2013 Frauen auf zur Revolution!<\/strong><\/p><\/div>\n\n\n\n<div class=\"wp-block-stackable-text stk-block-text stk-block stk-5b377b6\" data-block-id=\"5b377b6\"><p class=\"stk-block-text__text\"><\/p><\/div>\n","protected":false},"excerpt":{"rendered":"<p>Ergebnisse des 3. Frauenkollektiv Kongresses Am ersten Dezemberwochenende 2024 hat der 3. Kongress des Frauenkollektivs stattgefunden. Zu Gast waren dabei Frauen aus allen Organisationen der FKO. Gemeinsam wurden an dem Wochenende verschiedene Diskussionen gef\u00fchrt, ein besonderer Fokus wurde auf den Umgang mit patriarchaler Gewalt in den eigenen Reihen gelegt. In aktuellen Zeiten von Krieg, KRise [&hellip;]<\/p>\n","protected":false},"author":1,"featured_media":532,"comment_status":"open","ping_status":"open","sticky":false,"template":"","format":"standard","meta":{"_jetpack_memberships_contains_paid_content":false,"footnotes":""},"categories":[31],"tags":[],"class_list":["post-530","post","type-post","status-publish","format-standard","has-post-thumbnail","hentry","category-erklaerung"],"blocksy_meta":[],"jetpack_featured_media_url":"https:\/\/frauenkollektiv.de\/wp-content\/uploads\/2025\/03\/483825319_18072094687830301_9133820199619941314_n.webp","jetpack_sharing_enabled":true,"_links":{"self":[{"href":"https:\/\/frauenkollektiv.de\/index.php\/wp-json\/wp\/v2\/posts\/530","targetHints":{"allow":["GET"]}}],"collection":[{"href":"https:\/\/frauenkollektiv.de\/index.php\/wp-json\/wp\/v2\/posts"}],"about":[{"href":"https:\/\/frauenkollektiv.de\/index.php\/wp-json\/wp\/v2\/types\/post"}],"author":[{"embeddable":true,"href":"https:\/\/frauenkollektiv.de\/index.php\/wp-json\/wp\/v2\/users\/1"}],"replies":[{"embeddable":true,"href":"https:\/\/frauenkollektiv.de\/index.php\/wp-json\/wp\/v2\/comments?post=530"}],"version-history":[{"count":2,"href":"https:\/\/frauenkollektiv.de\/index.php\/wp-json\/wp\/v2\/posts\/530\/revisions"}],"predecessor-version":[{"id":616,"href":"https:\/\/frauenkollektiv.de\/index.php\/wp-json\/wp\/v2\/posts\/530\/revisions\/616"}],"wp:featuredmedia":[{"embeddable":true,"href":"https:\/\/frauenkollektiv.de\/index.php\/wp-json\/wp\/v2\/media\/532"}],"wp:attachment":[{"href":"https:\/\/frauenkollektiv.de\/index.php\/wp-json\/wp\/v2\/media?parent=530"}],"wp:term":[{"taxonomy":"category","embeddable":true,"href":"https:\/\/frauenkollektiv.de\/index.php\/wp-json\/wp\/v2\/categories?post=530"},{"taxonomy":"post_tag","embeddable":true,"href":"https:\/\/frauenkollektiv.de\/index.php\/wp-json\/wp\/v2\/tags?post=530"}],"curies":[{"name":"wp","href":"https:\/\/api.w.org\/{rel}","templated":true}]}}