{"id":425,"date":"2022-02-16T08:27:47","date_gmt":"2022-02-16T08:27:47","guid":{"rendered":"https:\/\/frauenkollektiv.de\/?p=425"},"modified":"2022-02-16T08:34:41","modified_gmt":"2022-02-16T08:34:41","slug":"internationaler-frauenkampftag-2022-ich-will-dort-kaempfen-wo-das-leben-ist","status":"publish","type":"post","link":"https:\/\/frauenkollektiv.de\/index.php\/2022\/02\/16\/internationaler-frauenkampftag-2022-ich-will-dort-kaempfen-wo-das-leben-ist\/","title":{"rendered":"Internationaler Frauenkampftag 2022: &#8222;Ich will dort k\u00e4mpfen wo das Leben ist!&#8220;"},"content":{"rendered":"<p>Wohl keine Aussage ist f\u00fcr den Kampf, den Frauen auf der ganzen Welt gegen Unterdr\u00fcckung und Ausbeutung f\u00fchren so passend, wie diese von Clara Zetkin. Der Frau, der wir den internationalen Frauenkampftag zu verdanken haben. Der internationale Frauenkampftag ist am 8. M\u00e4rz. Es ist der Tag an dem wir einmal mehr die Unterdr\u00fcckung der Frau durch den Kapitalismus und das Patriarchat sichtbar machen!<\/p>\n<h4><strong>Wir tragen unseren Kampf auf die Stra\u00dfen, auch in diesem Jahr!<\/strong><\/h4>\n<p>Auch oder grade weil unser Leben in den letzten Jahren gepr\u00e4gt ist von Wirtschaftskrise und Corona-Pandemie, m\u00fcssen wir auf die Stra\u00dfen, um die Situation von Frauen zu verbessern! Wir als Arbeiterinnen sind einer Mehrfachbelastung ausgesetzt. Von uns wird erwartet, dass wir ohne Widerworte die reproduktive Arbeit leisten, uns um Haushalt, Kindererziehung und Pflege von Angeh\u00f6rigen k\u00fcmmern, und dabei immer dem Bild der perfekten Partnerin, Mutter und Karrierefrau entsprechen. Wir sollen unsere K\u00f6rper vermarktbar machen, als verwertbare Arbeitskraft herhalten und dem gesellschaftlichen Sch\u00f6nheitsideal entsprechen.<\/p>\n<h4><strong>Doch uns reicht es! Wir nehmen diese Situation nicht mehr hin!<\/strong><\/h4>\n<p>Damit stehen wir in einer langen Tradition. Seit 1921 gehen jedes Jahr am 8. M\u00e4rz Frauen auf der ganzen Welt auf die Stra\u00dfen. Der Frauenkampftag sollte ein Zeichen im Kampf um Gleichberechtigung, das Wahlrecht f\u00fcr Frauen und die Befreiung der Arbeiterinnen setzen. Es ging also um die Verbesserung der Arbeits- und Lebensbedingungen sowie um die gleichberechtigte Teilhabe an politischen Entscheidungsprozessen und dem gesellschaftlichen Leben. Auch wenn die Zielsetzung des Wahlrechts f\u00fcr Frauen inzwischen in Deutschland erreicht wurde, ist die tats\u00e4chliche Gleichberechtigung aller Geschlechter weder in Deutschland noch im Rest der Welt Realit\u00e4t geworden. Der Internationale Frauenkampftag hat seine Wichtigkeit daher nicht verloren.<\/p>\n<h4><strong>Die Gewalt an Frauen nimmt zu, die Belastung wird immer gr\u00f6\u00dfer, die Aufgaben des Frauenbefreiungskampfs mehr. Es ist Zeit, etwas zu ver\u00e4ndern!<\/strong><\/h4>\n<h4><strong>Kommt mit uns am 8. M\u00e4rz, dem internationalen Frauenkampftag auf die Stra\u00dfen!<\/strong><\/h4>\n<h4><strong>Wenn auch du aktiv werden m\u00f6chtest, meld dich bei uns!<\/strong><\/h4>\n","protected":false},"excerpt":{"rendered":"<p>Wohl keine Aussage ist f\u00fcr den Kampf, den Frauen auf der ganzen Welt gegen Unterdr\u00fcckung und Ausbeutung f\u00fchren so passend, wie diese von Clara Zetkin. Der Frau, der wir den internationalen Frauenkampftag zu verdanken haben. Der internationale Frauenkampftag ist am 8. M\u00e4rz. Es ist der Tag an dem wir einmal mehr die Unterdr\u00fcckung der Frau [&hellip;]<\/p>\n","protected":false},"author":1,"featured_media":426,"comment_status":"open","ping_status":"open","sticky":false,"template":"","format":"standard","meta":{"_jetpack_memberships_contains_paid_content":false,"footnotes":""},"categories":[1],"tags":[22,25,23,24],"class_list":["post-425","post","type-post","status-publish","format-standard","has-post-thumbnail","hentry","category-uncategorized","tag-8maerz","tag-clara-zetkin","tag-frauenkampftag","tag-internationaler-frauenkampftag"],"blocksy_meta":[],"jetpack_featured_media_url":"https:\/\/frauenkollektiv.de\/wp-content\/uploads\/2022\/02\/Flyer-8.-Maerz-2022-Front-e1645000452106.png","jetpack_sharing_enabled":true,"_links":{"self":[{"href":"https:\/\/frauenkollektiv.de\/index.php\/wp-json\/wp\/v2\/posts\/425","targetHints":{"allow":["GET"]}}],"collection":[{"href":"https:\/\/frauenkollektiv.de\/index.php\/wp-json\/wp\/v2\/posts"}],"about":[{"href":"https:\/\/frauenkollektiv.de\/index.php\/wp-json\/wp\/v2\/types\/post"}],"author":[{"embeddable":true,"href":"https:\/\/frauenkollektiv.de\/index.php\/wp-json\/wp\/v2\/users\/1"}],"replies":[{"embeddable":true,"href":"https:\/\/frauenkollektiv.de\/index.php\/wp-json\/wp\/v2\/comments?post=425"}],"version-history":[{"count":1,"href":"https:\/\/frauenkollektiv.de\/index.php\/wp-json\/wp\/v2\/posts\/425\/revisions"}],"predecessor-version":[{"id":427,"href":"https:\/\/frauenkollektiv.de\/index.php\/wp-json\/wp\/v2\/posts\/425\/revisions\/427"}],"wp:featuredmedia":[{"embeddable":true,"href":"https:\/\/frauenkollektiv.de\/index.php\/wp-json\/wp\/v2\/media\/426"}],"wp:attachment":[{"href":"https:\/\/frauenkollektiv.de\/index.php\/wp-json\/wp\/v2\/media?parent=425"}],"wp:term":[{"taxonomy":"category","embeddable":true,"href":"https:\/\/frauenkollektiv.de\/index.php\/wp-json\/wp\/v2\/categories?post=425"},{"taxonomy":"post_tag","embeddable":true,"href":"https:\/\/frauenkollektiv.de\/index.php\/wp-json\/wp\/v2\/tags?post=425"}],"curies":[{"name":"wp","href":"https:\/\/api.w.org\/{rel}","templated":true}]}}