{"id":386,"date":"2021-05-02T10:59:29","date_gmt":"2021-05-02T10:59:29","guid":{"rendered":"https:\/\/frauenkollektiv.de\/?p=386"},"modified":"2022-02-02T13:59:15","modified_gmt":"2022-02-02T13:59:15","slug":"unsere-aktionen-am-1-mai-2021","status":"publish","type":"post","link":"https:\/\/frauenkollektiv.de\/index.php\/2021\/05\/02\/unsere-aktionen-am-1-mai-2021\/","title":{"rendered":"Unsere Aktionen am  1. Mai 2021"},"content":{"rendered":"<h3 id=\"magicdomid1085\" class=\"ace-line\"><span class=\"author-a-z88zjz66zz83zz82zz70z7z89z7z81zz122zz67z8z71z2x\">Gemeinsamer Bericht des Frauenkollektivs, der Internationalen Jugend, des Solidarit\u00e4tsnetzwers und des Studierendenkollektivs<\/span><\/h3>\n<div id=\"magicdomid218\" class=\"ace-line\"><span class=\"author-a-kc4uz77zz77zkz74zxz67ziz70z3z83z4m\">In ganz Deutschland haben sich die Antikapitalist:innen und Revolution\u00e4r:innen die Stra\u00dfen zur\u00fcck genommen und sich die k\u00e4mpferischen Demonstrationen zum 1. Mai nicht verbieten lassen. Fast \u00fcberall beantwortete die Polizei das mit Schlagst\u00f6cken, Pfefferspray und Festnahmen.\u00a0<\/span><\/div>\n<div id=\"magicdomid767\" class=\"ace-line\"><span class=\"author-a-kc4uz77zz77zkz74zxz67ziz70z3z83z4m\">Es ist ein richtiger Schritt, dass wir uns die Stra\u00dfen zur\u00fcck erk\u00e4mpfen! Nun m\u00fcssen wir genauso entschlossen, wie wir gestern auf den Stra\u00dfen standen<\/span><span class=\"author-a-z88zjz66zz83zz82zz70z7z89z7z81zz122zz67z8z71z2x\">,<\/span><span class=\"author-a-kc4uz77zz77zkz74zxz67ziz70z3z83z4m\"> gemeinsam mit der Repression umgehen. Denn niemand ist allein! Egal ob auf der Aktion oder danach.\u00a0<\/span><\/div>\n<div><\/div>\n<div>\n<h4 id=\"magicdomid295\" class=\"ace-line\"><span class=\"author-a-kc4uz77zz77zkz74zxz67ziz70z3z83z4m\">Berlin<\/span><\/h4>\n<div id=\"magicdomid662\" class=\"ace-line\"><span class=\"author-a-kc4uz77zz77zkz74zxz67ziz70z3z83z4m\">In Berlin beteiligten wir uns morgens mit Genoss:innen des Solidarit\u00e4tsnetzwerks und der Internationalen Jugend an der antikapitalistischen und sozialistischen Demonstration. Mit 2000 Menschen mobilisierten wir hier vier mal mehr Menschen hin, als der DGB zu seiner Kundgebung am Brandenburger Tor. Wir waren ein sehr breites Spektrum, fast alle Organisationen die sonst beim DGB aktiv sind beteilgiten sich an der Demonstration.\u00a0<\/span><\/div>\n<div id=\"magicdomid942\" class=\"ace-line\"><span class=\"author-a-kc4uz77zz77zkz74zxz67ziz70z3z83z4m\">Abends wurde<\/span><span class=\"author-a-z88zjz66zz83zz82zz70z7z89z7z81zz122zz67z8z71z2x\">n mehrere<\/span><span class=\"author-a-kc4uz77zz77zkz74zxz67ziz70z3z83z4m\"> revolution\u00e4re Bl<\/span><span class=\"author-a-z88zjz66zz83zz82zz70z7z89z7z81zz122zz67z8z71z2x\">\u00f6<\/span><span class=\"author-a-kc4uz77zz77zkz74zxz67ziz70z3z83z4m\">ck<\/span><span class=\"author-a-z88zjz66zz83zz82zz70z7z89z7z81zz122zz67z8z71z2x\">e<\/span><span class=\"author-a-kc4uz77zz77zkz74zxz67ziz70z3z83z4m\"> bei der traditionellen <\/span><span class=\"author-a-z88zjz66zz83zz82zz70z7z89z7z81zz122zz67z8z71z2x\">revolution\u00e4ren 1. Mai <\/span><span class=\"author-a-kc4uz77zz77zkz74zxz67ziz70z3z83z4m\">Demo massiv angegriffen und auseinander gepr\u00fcgelt. Die Polizei versuchte die Genoss:innen aus der Demo zu isolieren.Sie folgten klar dem politischen Ziel, den politischen Widerstand zu brechen. <\/span><span class=\"author-a-z88zjz66zz83zz82zz70z7z89z7z81zz122zz67z8z71z2x\">W\u00e4hrend Schaulustige ohne Masken drumherum ignoriert wurden, griff die Polizei Demonstrant:innen an, die Masken trugen und bis zu dem Angriff auch Abst\u00e4nde hielten. Dass die Corona-Schutzma\u00dfnahmen als Rechtfertigung f\u00fcr Angriffe auf Demonstrationen herhalten mussten, zeigt sich hieran deutlich.<\/span><\/div>\n<div id=\"magicdomid966\" class=\"ace-line\"><span class=\"author-a-kc4uz77zz77zkz74zxz67ziz70z3z83z4m\">Auch wenn die Polizei den Block zerschlagen hat, <\/span><span class=\"author-a-z88zjz66zz83zz82zz70z7z89z7z81zz122zz67z8z71z2x\">sehen wir darin<\/span><span class=\"author-a-kc4uz77zz77zkz74zxz67ziz70z3z83z4m\"> politisch ein<\/span><span class=\"author-a-z88zjz66zz83zz82zz70z7z89z7z81zz122zz67z8z71z2x\">en<\/span><span class=\"author-a-kc4uz77zz77zkz74zxz67ziz70z3z83z4m\"> Erfolg,<\/span><span class=\"author-a-z88zjz66zz83zz82zz70z7z89z7z81zz122zz67z8z71z2x\"> weil die Demonstration sich gemeinsam und solidarisch gegen die Angriffe der Polizei wehrte. Die Auseinandersetzungen dauerten bis weit nach 22 Uhr an und 25.000 Teilnehmer:innen bedeuten eine der gr\u00f6\u00dften 1. Mai Demonstrationen der letzten Jahre in Berlin.<\/span><\/div>\n<div><img loading=\"lazy\" decoding=\"async\" class=\"alignnone size-medium wp-image-406\" src=\"https:\/\/frauenkollektiv.de\/wp-content\/uploads\/2021\/05\/1.-MAI-VORABEND-BERLIN1-300x169.png\" alt=\"\" width=\"300\" height=\"169\" srcset=\"https:\/\/frauenkollektiv.de\/wp-content\/uploads\/2021\/05\/1.-MAI-VORABEND-BERLIN1-300x169.png 300w, https:\/\/frauenkollektiv.de\/wp-content\/uploads\/2021\/05\/1.-MAI-VORABEND-BERLIN1-1024x578.png 1024w, https:\/\/frauenkollektiv.de\/wp-content\/uploads\/2021\/05\/1.-MAI-VORABEND-BERLIN1-768x434.png 768w, https:\/\/frauenkollektiv.de\/wp-content\/uploads\/2021\/05\/1.-MAI-VORABEND-BERLIN1-696x393.png 696w, https:\/\/frauenkollektiv.de\/wp-content\/uploads\/2021\/05\/1.-MAI-VORABEND-BERLIN1-1068x603.png 1068w, https:\/\/frauenkollektiv.de\/wp-content\/uploads\/2021\/05\/1.-MAI-VORABEND-BERLIN1-744x420.png 744w, https:\/\/frauenkollektiv.de\/wp-content\/uploads\/2021\/05\/1.-MAI-VORABEND-BERLIN1.png 1364w\" sizes=\"auto, (max-width: 300px) 100vw, 300px\" \/> <img loading=\"lazy\" decoding=\"async\" class=\"alignnone size-medium wp-image-405\" src=\"https:\/\/frauenkollektiv.de\/wp-content\/uploads\/2021\/05\/1.-MAI-VORABEND-BERLIN-300x169.png\" alt=\"\" width=\"300\" height=\"169\" srcset=\"https:\/\/frauenkollektiv.de\/wp-content\/uploads\/2021\/05\/1.-MAI-VORABEND-BERLIN-300x169.png 300w, https:\/\/frauenkollektiv.de\/wp-content\/uploads\/2021\/05\/1.-MAI-VORABEND-BERLIN-1024x578.png 1024w, https:\/\/frauenkollektiv.de\/wp-content\/uploads\/2021\/05\/1.-MAI-VORABEND-BERLIN-768x434.png 768w, https:\/\/frauenkollektiv.de\/wp-content\/uploads\/2021\/05\/1.-MAI-VORABEND-BERLIN-696x393.png 696w, https:\/\/frauenkollektiv.de\/wp-content\/uploads\/2021\/05\/1.-MAI-VORABEND-BERLIN-1068x603.png 1068w, https:\/\/frauenkollektiv.de\/wp-content\/uploads\/2021\/05\/1.-MAI-VORABEND-BERLIN-744x420.png 744w, https:\/\/frauenkollektiv.de\/wp-content\/uploads\/2021\/05\/1.-MAI-VORABEND-BERLIN.png 1364w\" sizes=\"auto, (max-width: 300px) 100vw, 300px\" \/><\/div>\n<div><img loading=\"lazy\" decoding=\"async\" class=\"alignnone size-medium wp-image-387\" src=\"https:\/\/frauenkollektiv.de\/wp-content\/uploads\/2021\/05\/1.-MAI-BERLIN-300x169.png\" alt=\"\" width=\"300\" height=\"169\" srcset=\"https:\/\/frauenkollektiv.de\/wp-content\/uploads\/2021\/05\/1.-MAI-BERLIN-300x169.png 300w, https:\/\/frauenkollektiv.de\/wp-content\/uploads\/2021\/05\/1.-MAI-BERLIN-1024x578.png 1024w, https:\/\/frauenkollektiv.de\/wp-content\/uploads\/2021\/05\/1.-MAI-BERLIN-768x434.png 768w, https:\/\/frauenkollektiv.de\/wp-content\/uploads\/2021\/05\/1.-MAI-BERLIN-696x393.png 696w, https:\/\/frauenkollektiv.de\/wp-content\/uploads\/2021\/05\/1.-MAI-BERLIN-1068x603.png 1068w, https:\/\/frauenkollektiv.de\/wp-content\/uploads\/2021\/05\/1.-MAI-BERLIN-744x420.png 744w, https:\/\/frauenkollektiv.de\/wp-content\/uploads\/2021\/05\/1.-MAI-BERLIN.png 1364w\" sizes=\"auto, (max-width: 300px) 100vw, 300px\" \/> <img loading=\"lazy\" decoding=\"async\" class=\"alignnone size-medium wp-image-388\" src=\"https:\/\/frauenkollektiv.de\/wp-content\/uploads\/2021\/05\/1.-MAI-BERLIN1-300x169.png\" alt=\"\" width=\"300\" height=\"169\" srcset=\"https:\/\/frauenkollektiv.de\/wp-content\/uploads\/2021\/05\/1.-MAI-BERLIN1-300x169.png 300w, https:\/\/frauenkollektiv.de\/wp-content\/uploads\/2021\/05\/1.-MAI-BERLIN1-1024x578.png 1024w, https:\/\/frauenkollektiv.de\/wp-content\/uploads\/2021\/05\/1.-MAI-BERLIN1-768x434.png 768w, https:\/\/frauenkollektiv.de\/wp-content\/uploads\/2021\/05\/1.-MAI-BERLIN1-696x393.png 696w, https:\/\/frauenkollektiv.de\/wp-content\/uploads\/2021\/05\/1.-MAI-BERLIN1-1068x603.png 1068w, https:\/\/frauenkollektiv.de\/wp-content\/uploads\/2021\/05\/1.-MAI-BERLIN1-744x420.png 744w, https:\/\/frauenkollektiv.de\/wp-content\/uploads\/2021\/05\/1.-MAI-BERLIN1.png 1364w\" sizes=\"auto, (max-width: 300px) 100vw, 300px\" \/><\/div>\n<h4 id=\"magicdomid232\" class=\"ace-line\"><span class=\"author-a-kc4uz77zz77zkz74zxz67ziz70z3z83z4m\">Frankfurt a.M.<\/span><\/h4>\n<div id=\"magicdomid233\" class=\"ace-line\"><span class=\"author-a-kc4uz77zz77zkz74zxz67ziz70z3z83z4m\">In Frankfurt am Main waren wir mit ca. 3000 Menschen unter dem Motto &#8218;Tag der Wut&#8216; auf den Stra\u00dfen. Nach einer Anfangskundgebung mit einigen Redebeitr\u00e4gen sind wir von der Alten Oper gestartet. Unter dem Hochtranspi &#8222;Kapitalismus zerschlagen &#8211; eine neue Welt erk\u00e4mpfen&#8220; sind wir \u00fcber den Hauptbahnhof ins Gallusviertel gelaufen. Wir haben w\u00e4hrend der Demonstration und bei der Mobilisierung verschiedene aktuelle Arbeitsk\u00e4mpfe, die Wirtschaftskrise, das katastrophale Management in der Corona Pandemie und patriarchale Gewalt thematisiert.\u00a0<\/span><\/div>\n<div id=\"magicdomid235\" class=\"ace-line\"><span class=\"author-a-kc4uz77zz77zkz74zxz67ziz70z3z83z4m\">Als wir bei der geplanten Abschlusskundgebung ankamen, griffen die Polizist:innen immer wieder Demonstrant:innen an, setzten massiv Schlagst\u00f6cke ein und st\u00fcrmten in die Demo. Dabei verletzten sie mindestens 21 Menschen schwer. Mit drei Wasserwerfern haben sie sich genau auf die Stelle positioniert, wo 1985 der Antifaschist G\u00fcnter Sare von einem Wasserwerfer get\u00f6tet wurde.\u00a0<\/span><\/div>\n<div id=\"magicdomid236\" class=\"ace-line\"><span class=\"author-a-kc4uz77zz77zkz74zxz67ziz70z3z83z4m\">Am Ende des Tages k\u00f6nnen wir sagen, dass wir sehr k\u00e4mpferisch auf den Stra\u00dfen waren und gemeinsam gegen die kommende Repression stehen.<\/span><\/div>\n<div id=\"magicdomid237\" class=\"ace-line\"><span class=\"author-a-kc4uz77zz77zkz74zxz67ziz70z3z83z4m\">Diese Esklalation und Gewalt war zwar erschreckend, aber nicht \u00fcberraschend. Wir haben von diesem Staat und seinen Organen nichts zu erwarten!<\/span><\/div>\n<div><img loading=\"lazy\" decoding=\"async\" class=\"alignnone size-medium wp-image-392\" src=\"https:\/\/frauenkollektiv.de\/wp-content\/uploads\/2021\/05\/1.-MAI-FRANKFURT3-300x169.png\" alt=\"\" width=\"300\" height=\"169\" srcset=\"https:\/\/frauenkollektiv.de\/wp-content\/uploads\/2021\/05\/1.-MAI-FRANKFURT3-300x169.png 300w, https:\/\/frauenkollektiv.de\/wp-content\/uploads\/2021\/05\/1.-MAI-FRANKFURT3-1024x578.png 1024w, https:\/\/frauenkollektiv.de\/wp-content\/uploads\/2021\/05\/1.-MAI-FRANKFURT3-768x434.png 768w, https:\/\/frauenkollektiv.de\/wp-content\/uploads\/2021\/05\/1.-MAI-FRANKFURT3-696x393.png 696w, https:\/\/frauenkollektiv.de\/wp-content\/uploads\/2021\/05\/1.-MAI-FRANKFURT3-1068x603.png 1068w, https:\/\/frauenkollektiv.de\/wp-content\/uploads\/2021\/05\/1.-MAI-FRANKFURT3-744x420.png 744w, https:\/\/frauenkollektiv.de\/wp-content\/uploads\/2021\/05\/1.-MAI-FRANKFURT3.png 1364w\" sizes=\"auto, (max-width: 300px) 100vw, 300px\" \/> <img loading=\"lazy\" decoding=\"async\" class=\"alignnone size-medium wp-image-391\" src=\"https:\/\/frauenkollektiv.de\/wp-content\/uploads\/2021\/05\/1.-MAI-FRANKFURT1-300x169.png\" alt=\"\" width=\"300\" height=\"169\" srcset=\"https:\/\/frauenkollektiv.de\/wp-content\/uploads\/2021\/05\/1.-MAI-FRANKFURT1-300x169.png 300w, https:\/\/frauenkollektiv.de\/wp-content\/uploads\/2021\/05\/1.-MAI-FRANKFURT1-1024x578.png 1024w, https:\/\/frauenkollektiv.de\/wp-content\/uploads\/2021\/05\/1.-MAI-FRANKFURT1-768x434.png 768w, https:\/\/frauenkollektiv.de\/wp-content\/uploads\/2021\/05\/1.-MAI-FRANKFURT1-696x393.png 696w, https:\/\/frauenkollektiv.de\/wp-content\/uploads\/2021\/05\/1.-MAI-FRANKFURT1-1068x603.png 1068w, https:\/\/frauenkollektiv.de\/wp-content\/uploads\/2021\/05\/1.-MAI-FRANKFURT1-744x420.png 744w, https:\/\/frauenkollektiv.de\/wp-content\/uploads\/2021\/05\/1.-MAI-FRANKFURT1.png 1364w\" sizes=\"auto, (max-width: 300px) 100vw, 300px\" \/> <img loading=\"lazy\" decoding=\"async\" class=\"alignnone size-medium wp-image-390\" src=\"https:\/\/frauenkollektiv.de\/wp-content\/uploads\/2021\/05\/1.-MAI-FRANKFURT-300x169.png\" alt=\"\" width=\"300\" height=\"169\" srcset=\"https:\/\/frauenkollektiv.de\/wp-content\/uploads\/2021\/05\/1.-MAI-FRANKFURT-300x169.png 300w, https:\/\/frauenkollektiv.de\/wp-content\/uploads\/2021\/05\/1.-MAI-FRANKFURT-1024x578.png 1024w, https:\/\/frauenkollektiv.de\/wp-content\/uploads\/2021\/05\/1.-MAI-FRANKFURT-768x434.png 768w, https:\/\/frauenkollektiv.de\/wp-content\/uploads\/2021\/05\/1.-MAI-FRANKFURT-696x393.png 696w, https:\/\/frauenkollektiv.de\/wp-content\/uploads\/2021\/05\/1.-MAI-FRANKFURT-1068x603.png 1068w, https:\/\/frauenkollektiv.de\/wp-content\/uploads\/2021\/05\/1.-MAI-FRANKFURT-744x420.png 744w, https:\/\/frauenkollektiv.de\/wp-content\/uploads\/2021\/05\/1.-MAI-FRANKFURT.png 1364w\" sizes=\"auto, (max-width: 300px) 100vw, 300px\" \/><\/div>\n<h4 id=\"magicdomid239\" class=\"ace-line\"><span class=\"author-a-kc4uz77zz77zkz74zxz67ziz70z3z83z4m\">Freiburg<\/span><\/h4>\n<div id=\"magicdomid967\" class=\"ace-line\"><span class=\"author-a-kc4uz77zz77zkz74zxz67ziz70z3z83z4m\">In Freiburg beteiligten sich die Genoss:innen vom Solidarit\u00e4tsnetzwerk, Internationale Jugend und dem Frauenkollektiv zun\u00e4chst an einer Vorabendkundgebung im Stadtviertel Weingarten, zu der die Revolution\u00e4re Studiengruppe und die Kommunistische Jugend aufgerufen hatten. Dort wurde in mehreren starken Redebeitr\u00e4gen die Verbindung zwischen Kapitalismus, Krise und Ausnahmezustand dargelegt und eine antikapitalistische Alternative aufgezeigt. Anschlie\u00dfend zog eine kleine, aber k\u00e4mpferische Demonstration durch Weingarten.\u00a0<\/span><\/div>\n<div><img loading=\"lazy\" decoding=\"async\" class=\"alignnone size-medium wp-image-393\" src=\"https:\/\/frauenkollektiv.de\/wp-content\/uploads\/2021\/05\/1.-MAI-FREIBURG-300x169.png\" alt=\"\" width=\"300\" height=\"169\" srcset=\"https:\/\/frauenkollektiv.de\/wp-content\/uploads\/2021\/05\/1.-MAI-FREIBURG-300x169.png 300w, https:\/\/frauenkollektiv.de\/wp-content\/uploads\/2021\/05\/1.-MAI-FREIBURG-1024x578.png 1024w, https:\/\/frauenkollektiv.de\/wp-content\/uploads\/2021\/05\/1.-MAI-FREIBURG-768x434.png 768w, https:\/\/frauenkollektiv.de\/wp-content\/uploads\/2021\/05\/1.-MAI-FREIBURG-696x393.png 696w, https:\/\/frauenkollektiv.de\/wp-content\/uploads\/2021\/05\/1.-MAI-FREIBURG-1068x603.png 1068w, https:\/\/frauenkollektiv.de\/wp-content\/uploads\/2021\/05\/1.-MAI-FREIBURG-744x420.png 744w, https:\/\/frauenkollektiv.de\/wp-content\/uploads\/2021\/05\/1.-MAI-FREIBURG.png 1364w\" sizes=\"auto, (max-width: 300px) 100vw, 300px\" \/><\/div>\n<div id=\"magicdomid1031\" class=\"ace-line\"><span class=\"author-a-kc4uz77zz77zkz74zxz67ziz70z3z83z4m\">Am 1. Mai beteiligten wir uns am antikapitalistischen Block auf der DGB Demo. Dort bildeten wir einen lauten und organisierten Block<\/span><span class=\"author-a-z88zjz66zz83zz82zz70z7z89z7z81zz122zz67z8z71z2x\"> und konnten so klare klassenk\u00e4mpferische Demonstrationen in die etwa 1000 Personen starke Demonstration tragen.<\/span><\/div>\n<div><img loading=\"lazy\" decoding=\"async\" class=\"alignnone size-medium wp-image-394\" src=\"https:\/\/frauenkollektiv.de\/wp-content\/uploads\/2021\/05\/1.-MAI-FREIBURG1-300x169.png\" alt=\"\" width=\"300\" height=\"169\" srcset=\"https:\/\/frauenkollektiv.de\/wp-content\/uploads\/2021\/05\/1.-MAI-FREIBURG1-300x169.png 300w, https:\/\/frauenkollektiv.de\/wp-content\/uploads\/2021\/05\/1.-MAI-FREIBURG1-1024x578.png 1024w, https:\/\/frauenkollektiv.de\/wp-content\/uploads\/2021\/05\/1.-MAI-FREIBURG1-768x434.png 768w, https:\/\/frauenkollektiv.de\/wp-content\/uploads\/2021\/05\/1.-MAI-FREIBURG1-696x393.png 696w, https:\/\/frauenkollektiv.de\/wp-content\/uploads\/2021\/05\/1.-MAI-FREIBURG1-1068x603.png 1068w, https:\/\/frauenkollektiv.de\/wp-content\/uploads\/2021\/05\/1.-MAI-FREIBURG1-744x420.png 744w, https:\/\/frauenkollektiv.de\/wp-content\/uploads\/2021\/05\/1.-MAI-FREIBURG1.png 1364w\" sizes=\"auto, (max-width: 300px) 100vw, 300px\" \/> <img loading=\"lazy\" decoding=\"async\" class=\"alignnone size-medium wp-image-395\" src=\"https:\/\/frauenkollektiv.de\/wp-content\/uploads\/2021\/05\/1.-MAI-FREIBURG2-300x169.png\" alt=\"\" width=\"300\" height=\"169\" srcset=\"https:\/\/frauenkollektiv.de\/wp-content\/uploads\/2021\/05\/1.-MAI-FREIBURG2-300x169.png 300w, https:\/\/frauenkollektiv.de\/wp-content\/uploads\/2021\/05\/1.-MAI-FREIBURG2-1024x578.png 1024w, https:\/\/frauenkollektiv.de\/wp-content\/uploads\/2021\/05\/1.-MAI-FREIBURG2-768x434.png 768w, https:\/\/frauenkollektiv.de\/wp-content\/uploads\/2021\/05\/1.-MAI-FREIBURG2-696x393.png 696w, https:\/\/frauenkollektiv.de\/wp-content\/uploads\/2021\/05\/1.-MAI-FREIBURG2-1068x603.png 1068w, https:\/\/frauenkollektiv.de\/wp-content\/uploads\/2021\/05\/1.-MAI-FREIBURG2-744x420.png 744w, https:\/\/frauenkollektiv.de\/wp-content\/uploads\/2021\/05\/1.-MAI-FREIBURG2.png 1364w\" sizes=\"auto, (max-width: 300px) 100vw, 300px\" \/><\/div>\n<h4 id=\"magicdomid243\" class=\"ace-line\"><span class=\"author-a-kc4uz77zz77zkz74zxz67ziz70z3z83z4m\">Hamburg<\/span><\/h4>\n<div id=\"magicdomid244\" class=\"ace-line\"><span class=\"author-a-kc4uz77zz77zkz74zxz67ziz70z3z83z4m\">Am Vorabend beteiligten sich die Genoss:innen vom Solidarit\u00e4tsnetzwerk an der vom Antikrisenb\u00fcndnis-Hamburg veranstalteten Kundgebung. Diese war urspr\u00fcnglich als Demonstration am Besenbinderhof geplant. Aufgrund eines kurzfristigen Verbotes der Demonstration durch die Polizei, musste diese stattdessen als Kundgebung in der N\u00e4he des Hauptbahnhofes stattfinden. An der Kundgebung beteiligten sich unter anderem Gruppe Arbeiter:innenmacht, MLPD, SDAJ, Hamburger B\u00fcndnis f\u00fcr mehr Personal im Krankenhaus, Bildung ohne Bundeswehr, Attac, eine Volksinitiative gegen R\u00fcstungsexporte aus dem Hamburger Hafen und Antifaschistisches Widerstandsnetzwerk. Am selben Tag fand das \u201eKlassenfest\u201c statt, welchem trotz Einhaltung der Schutzma\u00dfnahmen vonseiten der Polizei mit Pfefferspray und vereinzelten Festnahmen begegnet wurde.\u00a0<\/span><\/div>\n<div><\/div>\n<div id=\"magicdomid976\" class=\"ace-line\"><span class=\"author-a-kc4uz77zz77zkz74zxz67ziz70z3z83z4m\">Am 1. Mai beteiligten wir uns an einer Kundgebung am Jungfernstieg mit ungef\u00e4hr 100-150 Teilnehmer:innen. Dort waren die DKP, die t\u00fcrkische Kommunistische Partei<\/span><span class=\"author-a-z88zjz66zz83zz82zz70z7z89z7z81zz122zz67z8z71z2x\"> (TKP)<\/span><span class=\"author-a-kc4uz77zz77zkz74zxz67ziz70z3z83z4m\">, Proletarische Jugend, MLPD, SAV und KO. Eine Demonstration von \u201eWer hat der gibt\u201c ist verboten worden. Daraufhin gab es eine spontane Protestaktion am Rathaus. Auch die Revolution\u00e4re 1. Mai Demonstration ist verboten worden, dennoch haben sich am Hauptbahnhof Menschen versammelt, um diese durchzuf\u00fchren. Auch wir waren dort. Wie fast alle anderen Aktionen in Hamburg wurde auch diese von der Polizei aufgehalten, gekesselt und es wurde so versucht zu unterbinden, dass der 1. Mai begangen werden kann.<\/span><\/div>\n<div id=\"magicdomid248\" class=\"ace-line\"><span class=\"author-a-kc4uz77zz77zkz74zxz67ziz70z3z83z4m\">Auf mehreren Aktionen haben wir einen Redebeitrag gehalten, in dem es um das Thema der Massenentlassungen und anderen Angriffen der Herrschenden Klasse auf die Rechte der Arbeiter:innen ging.\u00a0<\/span><\/div>\n<div><img loading=\"lazy\" decoding=\"async\" class=\"alignnone size-medium wp-image-396\" src=\"https:\/\/frauenkollektiv.de\/wp-content\/uploads\/2021\/05\/1.-MAI-HAMBURG-300x169.png\" alt=\"\" width=\"300\" height=\"169\" srcset=\"https:\/\/frauenkollektiv.de\/wp-content\/uploads\/2021\/05\/1.-MAI-HAMBURG-300x169.png 300w, https:\/\/frauenkollektiv.de\/wp-content\/uploads\/2021\/05\/1.-MAI-HAMBURG-1024x578.png 1024w, https:\/\/frauenkollektiv.de\/wp-content\/uploads\/2021\/05\/1.-MAI-HAMBURG-768x434.png 768w, https:\/\/frauenkollektiv.de\/wp-content\/uploads\/2021\/05\/1.-MAI-HAMBURG-696x393.png 696w, https:\/\/frauenkollektiv.de\/wp-content\/uploads\/2021\/05\/1.-MAI-HAMBURG-1068x603.png 1068w, https:\/\/frauenkollektiv.de\/wp-content\/uploads\/2021\/05\/1.-MAI-HAMBURG-744x420.png 744w, https:\/\/frauenkollektiv.de\/wp-content\/uploads\/2021\/05\/1.-MAI-HAMBURG.png 1364w\" sizes=\"auto, (max-width: 300px) 100vw, 300px\" \/> <img loading=\"lazy\" decoding=\"async\" class=\"alignnone size-medium wp-image-397\" src=\"https:\/\/frauenkollektiv.de\/wp-content\/uploads\/2021\/05\/1.-MAI-HAMBURG1-300x169.png\" alt=\"\" width=\"300\" height=\"169\" srcset=\"https:\/\/frauenkollektiv.de\/wp-content\/uploads\/2021\/05\/1.-MAI-HAMBURG1-300x169.png 300w, https:\/\/frauenkollektiv.de\/wp-content\/uploads\/2021\/05\/1.-MAI-HAMBURG1-1024x578.png 1024w, https:\/\/frauenkollektiv.de\/wp-content\/uploads\/2021\/05\/1.-MAI-HAMBURG1-768x434.png 768w, https:\/\/frauenkollektiv.de\/wp-content\/uploads\/2021\/05\/1.-MAI-HAMBURG1-696x393.png 696w, https:\/\/frauenkollektiv.de\/wp-content\/uploads\/2021\/05\/1.-MAI-HAMBURG1-1068x603.png 1068w, https:\/\/frauenkollektiv.de\/wp-content\/uploads\/2021\/05\/1.-MAI-HAMBURG1-744x420.png 744w, https:\/\/frauenkollektiv.de\/wp-content\/uploads\/2021\/05\/1.-MAI-HAMBURG1.png 1364w\" sizes=\"auto, (max-width: 300px) 100vw, 300px\" \/> <img loading=\"lazy\" decoding=\"async\" class=\"alignnone size-medium wp-image-398\" src=\"https:\/\/frauenkollektiv.de\/wp-content\/uploads\/2021\/05\/1.-MAI-HAMBURG2-300x169.png\" alt=\"\" width=\"300\" height=\"169\" srcset=\"https:\/\/frauenkollektiv.de\/wp-content\/uploads\/2021\/05\/1.-MAI-HAMBURG2-300x169.png 300w, https:\/\/frauenkollektiv.de\/wp-content\/uploads\/2021\/05\/1.-MAI-HAMBURG2-1024x578.png 1024w, https:\/\/frauenkollektiv.de\/wp-content\/uploads\/2021\/05\/1.-MAI-HAMBURG2-768x434.png 768w, https:\/\/frauenkollektiv.de\/wp-content\/uploads\/2021\/05\/1.-MAI-HAMBURG2-696x393.png 696w, https:\/\/frauenkollektiv.de\/wp-content\/uploads\/2021\/05\/1.-MAI-HAMBURG2-1068x603.png 1068w, https:\/\/frauenkollektiv.de\/wp-content\/uploads\/2021\/05\/1.-MAI-HAMBURG2-744x420.png 744w, https:\/\/frauenkollektiv.de\/wp-content\/uploads\/2021\/05\/1.-MAI-HAMBURG2.png 1364w\" sizes=\"auto, (max-width: 300px) 100vw, 300px\" \/><\/div>\n<h4 id=\"magicdomid251\" class=\"ace-line\"><span class=\"author-a-kc4uz77zz77zkz74zxz67ziz70z3z83z4m\">K\u00f6ln<\/span><\/h4>\n<div id=\"magicdomid252\" class=\"ace-line\"><span class=\"author-a-kc4uz77zz77zkz74zxz67ziz70z3z83z4m\">In K\u00f6ln haben wir uns mit Genoss:innen vom Solidarit\u00e4tsnetzwerk, Internationale Jugend und Frauenkollektiv zusammen mit Hunderten Menschen den internationalen Arbeiter:innenkampftag begannen. Da der DGB dieses Jahr auf eine Demo verzichtete, hatten kurzerhand mehrere Organisationen einen &#8222;Revolution\u00e4ren 1. Mai&#8220; auf der traditionellen Route angemeldet, an der wir uns ebenfalls beteiligten. Diese musste zuvor noch beim Oberverwaltungsgericht (OVG) durchgesetzt werden, da die Stadt K\u00f6ln eine Demonstration verboten hatte, konnte dann aber unter strengen Auflagen durchgeklagt werden.<\/span><\/div>\n<div id=\"magicdomid254\" class=\"ace-line\"><span class=\"author-a-kc4uz77zz77zkz74zxz67ziz70z3z83z4m\">Schon zu Beginn zeigte die Polizei, wie sie sich gegen\u00fcber der Demo verhalten will: An der Auftaktkundgebung machte sie Probleme wegen blauer Fahnen der &#8222;Freien Deutschen Jugend&#8220;, die ihrer Meinung nach eine verbotene Fahne der 1951 kriminalisierten Jugendorganisation der Kommunistischen Partei Deutschlands darstellen w\u00fcrde und nahm erste Personalien auf.<\/span><\/div>\n<div id=\"magicdomid256\" class=\"ace-line\"><span class=\"author-a-kc4uz77zz77zkz74zxz67ziz70z3z83z4m\">Darauf konnte die Demo mit einiger Versp\u00e4tung starten, wobei die Polizei den Aufzug in 50er-Gruppen nach Auflage des OVG einteilte. In unserem Block von Solidarit\u00e4tsnetzwerk, Internationale Jugend und Frauenkollektiv sammelten sich mehrere Dutzend Aktivist:innen, die gemeinsam rote Halst\u00fccher trugen. Viele K\u00f6lner:innen bekundeten durch Nicken, hochgestreckte F\u00e4uste und Klatschen ihre Solidarit\u00e4t &#8211; auch aus der vorbeifahrenden Bahn heraus.<\/span><\/div>\n<div id=\"magicdomid258\" class=\"ace-line\"><span class=\"author-a-kc4uz77zz77zkz74zxz67ziz70z3z83z4m\">Kurz vor dem Heumarkt ging die Polizei dann erneut ohne einen ersichtlichen Grund gegen die Demonstration vor. Der und bekannte Vorwurf ist das Tragen einer Kapuze und Maske zur gleichen Zeit. Die Solidarit\u00e4t der der Demonstrant:innen wurde mit massiver Gewalt der Polizei und Festnahmen beantwortet.\u00a0<\/span><\/div>\n<div id=\"magicdomid259\" class=\"ace-line\"><span class=\"author-a-kc4uz77zz77zkz74zxz67ziz70z3z83z4m\">Alle solidarisierten sich mit den Festgenommenen mit Parolen wie &#8222;Du bist nicht allein!&#8220; und &#8222;Wir sind nicht alle, es fehlen die Gefangenen!&#8220;. Erst nachdem die Gefangenen in einem Bus abtransportiert worden waren, bewegte sich die Demo dann an der Abschlusskundgebung des DGB entlang zum Alter Markt. Hier wurden nochmal letzte Reden gehalten.<\/span><\/div>\n<div id=\"magicdomid260\" class=\"ace-line\"><\/div>\n<div id=\"magicdomid261\" class=\"ace-line\"><span class=\"author-a-kc4uz77zz77zkz74zxz67ziz70z3z83z4m\">Im Anschluss formierte sich dann eine Spontandemonstration hin zum Polizeipr\u00e4sidium in K\u00f6ln-Kalk wo die Gefangenen in Gewahrsam genommen worden waren. Obgleich viele schon seit mehreren Stunden demonstriert hatten, blieb die Demo k\u00e4mpferisch und organisiert. Auf der Route wurden Passant:innen sowohl \u00fcber unsere Forderungen zum 1. Mai als auch \u00fcber die Polizeigewalt informiert.<\/span><\/div>\n<div id=\"magicdomid263\" class=\"ace-line\"><span class=\"author-a-kc4uz77zz77zkz74zxz67ziz70z3z83z4m\">Vor dem Polizeipr\u00e4sidium hatten sich bereits weitere Unterst\u00fctzer:innen eingefunden, sodass dann etwa 150 Menschen laut &#8222;Freiheit f\u00fcr alle politischen Gefangenen!&#8220; forderten. Nach und nach wurden die in Gewahrsam genommenen dann freigelassen und konnten zum Teil zur Kundgebung dazusto\u00dfen, wo sie mit gro\u00dfem Applaus begr\u00fc\u00dft wurden. Ein Betroffener sagte anschlie\u00dfend am offenen Mikrofon, dass genau diese Spontandemo der Ausdruck sei von dem was wir SOLIDARIT\u00c4T nennen. Im Nachhinein erfuhren wir zudem, dass die Kolleg:innen auf der Wache gezielt erniedrigt wurden, da sie sich ohne Grund nackt ausziehen mussten. Nach recht z\u00fcgiger Freilassung aller Gefangenen machte die Polizei Druck, die Kundgebung schnell zu beenden. Das zeigt, dass wir unser Ziel erf\u00fcllt hatten, unsere Kolleg:innen so schnell wie m\u00f6glich wieder unter uns haben zu k\u00f6nnen, da unsere Antirepressions-Aktion der Polizei ein Dorn im Auge war. Zum Abschluss sangen wir dann dennoch die &#8222;Internationale&#8220; vor dem Pr\u00e4sidium.<\/span><\/div>\n<div><img loading=\"lazy\" decoding=\"async\" class=\"alignnone size-medium wp-image-399\" src=\"https:\/\/frauenkollektiv.de\/wp-content\/uploads\/2021\/05\/1.-MAI-KOeLN-300x169.png\" alt=\"\" width=\"300\" height=\"169\" srcset=\"https:\/\/frauenkollektiv.de\/wp-content\/uploads\/2021\/05\/1.-MAI-KOeLN-300x169.png 300w, https:\/\/frauenkollektiv.de\/wp-content\/uploads\/2021\/05\/1.-MAI-KOeLN-1024x578.png 1024w, https:\/\/frauenkollektiv.de\/wp-content\/uploads\/2021\/05\/1.-MAI-KOeLN-768x434.png 768w, https:\/\/frauenkollektiv.de\/wp-content\/uploads\/2021\/05\/1.-MAI-KOeLN-696x393.png 696w, https:\/\/frauenkollektiv.de\/wp-content\/uploads\/2021\/05\/1.-MAI-KOeLN-1068x603.png 1068w, https:\/\/frauenkollektiv.de\/wp-content\/uploads\/2021\/05\/1.-MAI-KOeLN-744x420.png 744w, https:\/\/frauenkollektiv.de\/wp-content\/uploads\/2021\/05\/1.-MAI-KOeLN.png 1364w\" sizes=\"auto, (max-width: 300px) 100vw, 300px\" \/> <img loading=\"lazy\" decoding=\"async\" class=\"alignnone size-medium wp-image-400\" src=\"https:\/\/frauenkollektiv.de\/wp-content\/uploads\/2021\/05\/1.-MAI-KOeLN1-300x169.png\" alt=\"\" width=\"300\" height=\"169\" srcset=\"https:\/\/frauenkollektiv.de\/wp-content\/uploads\/2021\/05\/1.-MAI-KOeLN1-300x169.png 300w, https:\/\/frauenkollektiv.de\/wp-content\/uploads\/2021\/05\/1.-MAI-KOeLN1-1024x578.png 1024w, https:\/\/frauenkollektiv.de\/wp-content\/uploads\/2021\/05\/1.-MAI-KOeLN1-768x434.png 768w, https:\/\/frauenkollektiv.de\/wp-content\/uploads\/2021\/05\/1.-MAI-KOeLN1-696x393.png 696w, https:\/\/frauenkollektiv.de\/wp-content\/uploads\/2021\/05\/1.-MAI-KOeLN1-1068x603.png 1068w, https:\/\/frauenkollektiv.de\/wp-content\/uploads\/2021\/05\/1.-MAI-KOeLN1-744x420.png 744w, https:\/\/frauenkollektiv.de\/wp-content\/uploads\/2021\/05\/1.-MAI-KOeLN1.png 1364w\" sizes=\"auto, (max-width: 300px) 100vw, 300px\" \/><\/div>\n<div id=\"magicdomid264\" class=\"ace-line\"><\/div>\n<div id=\"magicdomid265\" class=\"ace-line\"><span class=\"author-a-kc4uz77zz77zkz74zxz67ziz70z3z83z4m\">Doch auch dann war der Tag noch nicht vorbei. F\u00fcr 17 Uhr war noch eine Demonstration am Wiener Platz angek\u00fcndigt, zu der trotz der vorherigen Polizeirepression noch ein Teil von uns aufbrach. Auch hier beteiligten sich erneut einige hundert Menschen an der Demonstration die Lautstark durch die Stadtteile M\u00fchlheim, Buchforst und Kalk zog. In zahlreichen Reden und Parolen wurde die \u00dcbernahme der Krisenkosten durch das Kapital gefordert und eine Verbesserung der Lebens- und Arbeitsverh\u00e4ltnisse der Arbeiter:innenklasse zu verbessern und letztendlich zu revolutionieren. Dabei kamen auch Menschen aus den verschiedensten Berufszweigen zu Wort und berichteten von der aktuellen Situation in ihrem Job. Mit dieser kraftvollen Demonstration konnte der Tag dann noch einmal selbstbestimmt und fast ohne Polizeibegleitung abgerundet werden.\u00a0<\/span><\/div>\n<div><img loading=\"lazy\" decoding=\"async\" class=\"alignnone size-medium wp-image-401\" src=\"https:\/\/frauenkollektiv.de\/wp-content\/uploads\/2021\/05\/1.-MAI-KOeLN-ABENDDEMO-300x169.png\" alt=\"\" width=\"300\" height=\"169\" srcset=\"https:\/\/frauenkollektiv.de\/wp-content\/uploads\/2021\/05\/1.-MAI-KOeLN-ABENDDEMO-300x169.png 300w, https:\/\/frauenkollektiv.de\/wp-content\/uploads\/2021\/05\/1.-MAI-KOeLN-ABENDDEMO-1024x578.png 1024w, https:\/\/frauenkollektiv.de\/wp-content\/uploads\/2021\/05\/1.-MAI-KOeLN-ABENDDEMO-768x434.png 768w, https:\/\/frauenkollektiv.de\/wp-content\/uploads\/2021\/05\/1.-MAI-KOeLN-ABENDDEMO-696x393.png 696w, https:\/\/frauenkollektiv.de\/wp-content\/uploads\/2021\/05\/1.-MAI-KOeLN-ABENDDEMO-1068x603.png 1068w, https:\/\/frauenkollektiv.de\/wp-content\/uploads\/2021\/05\/1.-MAI-KOeLN-ABENDDEMO-744x420.png 744w, https:\/\/frauenkollektiv.de\/wp-content\/uploads\/2021\/05\/1.-MAI-KOeLN-ABENDDEMO.png 1364w\" sizes=\"auto, (max-width: 300px) 100vw, 300px\" \/><\/div>\n<h4 id=\"magicdomid267\" class=\"ace-line\"><span class=\"author-a-kc4uz77zz77zkz74zxz67ziz70z3z83z4m\">Leipzig<\/span><\/h4>\n<div id=\"magicdomid268\" class=\"ace-line\"><span class=\"author-a-kc4uz77zz77zkz74zxz67ziz70z3z83z4m\">Im Leipziger S\u00fcden haben wir mit Genoss:innen vom Solidarit\u00e4tsnetzwerk gemeinsam mit drei anderen Organisationen eine Maikundgebung auf dem Alexis-Schuman-Platz organisiert. Circa 200 Menschen folgten dem Aufruf und nahmen an der knapp zweist\u00fcndigen Kundgebung teil. Neben den Redebeitr\u00e4gen der Roten Wende Leipzig, des Kommunistischen Aufbau, Fight for your future und Jugend im Kampf wurde auch ein Interview mit einer ehemaligen Amazon-Besch\u00e4ftigten sowie der Betriebsgruppe des Fahrdienstunternehmens Cleverschuttle verlesen.<\/span><\/div>\n<div id=\"magicdomid1003\" class=\"ace-line\"><span class=\"author-a-kc4uz77zz77zkz74zxz67ziz70z3z83z4m\">Das Solidarit\u00e4tsnetzwerk stellte unter anderem seine gerade angelaufene Jobcenter-Kampagne in seinem Redebeitrag vor<\/span><span class=\"author-a-z88zjz66zz83zz82zz70z7z89z7z81zz122zz67z8z71z2x\"> und konnte Gespr\u00e4che mit Interessierten \u00fcber dieses Thema f\u00fchren<\/span><span class=\"author-a-kc4uz77zz77zkz74zxz67ziz70z3z83z4m\">.<\/span><\/div>\n<div id=\"magicdomid1080\" class=\"ace-line\"><span class=\"author-a-kc4uz77zz77zkz74zxz67ziz70z3z83z4m\">In jedem Redebeitrag konnte man den Frust \u00fcber die aktuelle Situation heraush\u00f6ren. Dieser Frust entlud sich w\u00e4hrend der Kundgebung. Mehrere Leute gingen von dem begr\u00fcnten Platz auf die Stra\u00dfe. Mit Pyrotechnik, Transparenten, Parolen und Fahnen, wollten sich die Leipziger:innen beim erstem Mai die Stra\u00dfe erobern und taten dies auch. Nach repressiven Ma\u00dfnahmen zeigten sich weitere Teilnehmer:innen und Passant:innen solidarisch.<\/span><\/div>\n<div><img loading=\"lazy\" decoding=\"async\" class=\"alignnone size-medium wp-image-403\" src=\"https:\/\/frauenkollektiv.de\/wp-content\/uploads\/2021\/05\/1.-MAI-LEIPZIG1-300x169.png\" alt=\"\" width=\"300\" height=\"169\" srcset=\"https:\/\/frauenkollektiv.de\/wp-content\/uploads\/2021\/05\/1.-MAI-LEIPZIG1-300x169.png 300w, https:\/\/frauenkollektiv.de\/wp-content\/uploads\/2021\/05\/1.-MAI-LEIPZIG1-1024x578.png 1024w, https:\/\/frauenkollektiv.de\/wp-content\/uploads\/2021\/05\/1.-MAI-LEIPZIG1-768x434.png 768w, https:\/\/frauenkollektiv.de\/wp-content\/uploads\/2021\/05\/1.-MAI-LEIPZIG1-696x393.png 696w, https:\/\/frauenkollektiv.de\/wp-content\/uploads\/2021\/05\/1.-MAI-LEIPZIG1-1068x603.png 1068w, https:\/\/frauenkollektiv.de\/wp-content\/uploads\/2021\/05\/1.-MAI-LEIPZIG1-744x420.png 744w, https:\/\/frauenkollektiv.de\/wp-content\/uploads\/2021\/05\/1.-MAI-LEIPZIG1.png 1364w\" sizes=\"auto, (max-width: 300px) 100vw, 300px\" \/> <img loading=\"lazy\" decoding=\"async\" class=\"alignnone size-medium wp-image-402\" src=\"https:\/\/frauenkollektiv.de\/wp-content\/uploads\/2021\/05\/1.-MAI-LEIPZIG-300x169.png\" alt=\"\" width=\"300\" height=\"169\" srcset=\"https:\/\/frauenkollektiv.de\/wp-content\/uploads\/2021\/05\/1.-MAI-LEIPZIG-300x169.png 300w, https:\/\/frauenkollektiv.de\/wp-content\/uploads\/2021\/05\/1.-MAI-LEIPZIG-1024x578.png 1024w, https:\/\/frauenkollektiv.de\/wp-content\/uploads\/2021\/05\/1.-MAI-LEIPZIG-768x434.png 768w, https:\/\/frauenkollektiv.de\/wp-content\/uploads\/2021\/05\/1.-MAI-LEIPZIG-696x393.png 696w, https:\/\/frauenkollektiv.de\/wp-content\/uploads\/2021\/05\/1.-MAI-LEIPZIG-1068x603.png 1068w, https:\/\/frauenkollektiv.de\/wp-content\/uploads\/2021\/05\/1.-MAI-LEIPZIG-744x420.png 744w, https:\/\/frauenkollektiv.de\/wp-content\/uploads\/2021\/05\/1.-MAI-LEIPZIG.png 1364w\" sizes=\"auto, (max-width: 300px) 100vw, 300px\" \/> <img loading=\"lazy\" decoding=\"async\" class=\"alignnone size-medium wp-image-404\" src=\"https:\/\/frauenkollektiv.de\/wp-content\/uploads\/2021\/05\/1.-MAI-LEIPZIG2-300x169.png\" alt=\"\" width=\"300\" height=\"169\" srcset=\"https:\/\/frauenkollektiv.de\/wp-content\/uploads\/2021\/05\/1.-MAI-LEIPZIG2-300x169.png 300w, https:\/\/frauenkollektiv.de\/wp-content\/uploads\/2021\/05\/1.-MAI-LEIPZIG2-1024x578.png 1024w, https:\/\/frauenkollektiv.de\/wp-content\/uploads\/2021\/05\/1.-MAI-LEIPZIG2-768x434.png 768w, https:\/\/frauenkollektiv.de\/wp-content\/uploads\/2021\/05\/1.-MAI-LEIPZIG2-696x393.png 696w, https:\/\/frauenkollektiv.de\/wp-content\/uploads\/2021\/05\/1.-MAI-LEIPZIG2-1068x603.png 1068w, https:\/\/frauenkollektiv.de\/wp-content\/uploads\/2021\/05\/1.-MAI-LEIPZIG2-744x420.png 744w, https:\/\/frauenkollektiv.de\/wp-content\/uploads\/2021\/05\/1.-MAI-LEIPZIG2.png 1364w\" sizes=\"auto, (max-width: 300px) 100vw, 300px\" \/><\/div>\n<h4 id=\"magicdomid1083\" class=\"ace-line\"><span class=\"author-a-z88zjz66zz83zz82zz70z7z89z7z81zz122zz67z8z71z2x\">Rheinsiegkreis<\/span><\/h4>\n<div id=\"magicdomid1084\" class=\"ace-line\"><span class=\"author-a-z88zjz66zz83zz82zz70z7z89z7z81zz122zz67z8z71z2x\">Im Rhein-Sieg-Kreis mobilisierten wir mit Genoss:innen der Internationalen Jugend flei\u00dfig zur Demonstration in K\u00f6ln. Am Vorabend h\u00e4ngten wir in Siegburg ein Banner mit der Aufschrift &#8222;Kampf in den Mai: Kapitalismus zerst\u00f6ren!&#8220; auf.<\/span><\/div>\n<h4 id=\"magicdomid272\" class=\"ace-line\"><span class=\"author-a-kc4uz77zz77zkz74zxz67ziz70z3z83z4m\">Ruhrgebiet<\/span><\/h4>\n<div id=\"magicdomid273\" class=\"ace-line\"><span class=\"author-a-kc4uz77zz77zkz74zxz67ziz70z3z83z4m\">Die Aktionen zum 1. Mai begannen f\u00fcr uns im Ruhrgebiet schon am Vorabend mit der revolution\u00e4ren Vorabenddemonstration in Duisburg. Wir beteiligten uns mit Genoss:innen der Internationalen Jugend, des Studierendenkollektivs und Frauenkollektivs an der Demonstration.<\/span><\/div>\n<div id=\"magicdomid274\" class=\"ace-line\"><span class=\"author-a-kc4uz77zz77zkz74zxz67ziz70z3z83z4m\">Gemeinsam mit 300 weiteren Antikapitalist:innen aus verschiedenen Organisationen zogen wir unter dem Motto &#8222;Krisen \u00fcberwinden hei\u00dft Kapitalismus zerschlagen&#8220; durch die Duisburger Innenstadt bis nach Hochfeld zum Br\u00fcckenplatz.<\/span><\/div>\n<div id=\"magicdomid275\" class=\"ace-line\"><span class=\"author-a-kc4uz77zz77zkz74zxz67ziz70z3z83z4m\">In verschiedenen Redebeitr\u00e4gen wurde der Kapitalismus als Ursache der Wirtschaftskrise herausgestellt und viele weitere Probleme von uns Jugendlichen und Arbeiter:innen wie das Patriarchat, Rassismus und Polizeigewalt beleuchtet.<\/span><\/div>\n<div id=\"magicdomid276\" class=\"ace-line\"><span class=\"author-a-kc4uz77zz77zkz74zxz67ziz70z3z83z4m\">Selbstbestimmt, organisiert, mit lauten Parolen und Pyro brachten wir einen k\u00e4mpferischen Ausdruck auf die Stra\u00dfe, der von vielen Menschen im Viertel begr\u00fc\u00dft wurde.<\/span><\/div>\n<div><img loading=\"lazy\" decoding=\"async\" class=\"alignnone size-medium wp-image-410\" src=\"https:\/\/frauenkollektiv.de\/wp-content\/uploads\/2021\/05\/VORABENDDUISBURG-FERTIG-300x169.png\" alt=\"\" width=\"300\" height=\"169\" srcset=\"https:\/\/frauenkollektiv.de\/wp-content\/uploads\/2021\/05\/VORABENDDUISBURG-FERTIG-300x169.png 300w, https:\/\/frauenkollektiv.de\/wp-content\/uploads\/2021\/05\/VORABENDDUISBURG-FERTIG-1024x578.png 1024w, https:\/\/frauenkollektiv.de\/wp-content\/uploads\/2021\/05\/VORABENDDUISBURG-FERTIG-768x434.png 768w, https:\/\/frauenkollektiv.de\/wp-content\/uploads\/2021\/05\/VORABENDDUISBURG-FERTIG-696x393.png 696w, https:\/\/frauenkollektiv.de\/wp-content\/uploads\/2021\/05\/VORABENDDUISBURG-FERTIG-1068x603.png 1068w, https:\/\/frauenkollektiv.de\/wp-content\/uploads\/2021\/05\/VORABENDDUISBURG-FERTIG-744x420.png 744w, https:\/\/frauenkollektiv.de\/wp-content\/uploads\/2021\/05\/VORABENDDUISBURG-FERTIG.png 1364w\" sizes=\"auto, (max-width: 300px) 100vw, 300px\" \/> <img loading=\"lazy\" decoding=\"async\" class=\"alignnone size-medium wp-image-411\" src=\"https:\/\/frauenkollektiv.de\/wp-content\/uploads\/2021\/05\/1.-MAI-BVORABEND-DUISBURG-300x169.png\" alt=\"\" width=\"300\" height=\"169\" srcset=\"https:\/\/frauenkollektiv.de\/wp-content\/uploads\/2021\/05\/1.-MAI-BVORABEND-DUISBURG-300x169.png 300w, https:\/\/frauenkollektiv.de\/wp-content\/uploads\/2021\/05\/1.-MAI-BVORABEND-DUISBURG-1024x578.png 1024w, https:\/\/frauenkollektiv.de\/wp-content\/uploads\/2021\/05\/1.-MAI-BVORABEND-DUISBURG-768x434.png 768w, https:\/\/frauenkollektiv.de\/wp-content\/uploads\/2021\/05\/1.-MAI-BVORABEND-DUISBURG-696x393.png 696w, https:\/\/frauenkollektiv.de\/wp-content\/uploads\/2021\/05\/1.-MAI-BVORABEND-DUISBURG-1068x603.png 1068w, https:\/\/frauenkollektiv.de\/wp-content\/uploads\/2021\/05\/1.-MAI-BVORABEND-DUISBURG-744x420.png 744w, https:\/\/frauenkollektiv.de\/wp-content\/uploads\/2021\/05\/1.-MAI-BVORABEND-DUISBURG.png 1364w\" sizes=\"auto, (max-width: 300px) 100vw, 300px\" \/><\/div>\n<div id=\"magicdomid277\" class=\"ace-line\"><\/div>\n<div id=\"magicdomid278\" class=\"ace-line\"><span class=\"author-a-kc4uz77zz77zkz74zxz67ziz70z3z83z4m\">Am 1. Mai selber beteiligten wir uns mit Genossinnen der Internationalen Jugend an den Aktionen in Essen. Erst waren wir mit vielen weiteren Genoss:innen bei der revolution\u00e4ren 1. Mai Ruhr Demo die vom Holsterhauser Platz zum Essen West Bf zog.<\/span><\/div>\n<div id=\"magicdomid279\" class=\"ace-line\"><span class=\"author-a-kc4uz77zz77zkz74zxz67ziz70z3z83z4m\">Mit Parolen wie &#8222;Mieten runter, L\u00f6hne rauf: das ist das was Essen braucht!&#8220; und &#8222;Brecht die Macht der Banken und Konzerne!&#8220; wurde der Tag mit klassenk\u00e4mpferischen Inhalten gef\u00fcllt. Es wurde auch an Adel B. erinnert, der in Essen-Altendorf von der Polizei ermordet wurde und am 1. Mai eigentlich Geburtstag gehabt h\u00e4tte.<\/span><\/div>\n<div id=\"magicdomid978\" class=\"ace-line\"><span class=\"author-a-kc4uz77zz77zkz74zxz67ziz70z3z83z4m\">Immer wieder wurde die Demonstration von der Polizei mit fadenscheinigen Begr\u00fcndungen gestoppt, abgefilmt und es wurde vorbereitet<\/span><span class=\"author-a-z88zjz66zz83zz82zz70z7z89z7z81zz122zz67z8z71z2x\">,<\/span><span class=\"author-a-kc4uz77zz77zkz74zxz67ziz70z3z83z4m\"> Genoss:innen festzunehmen. Am Endpunkt versuchten sie dann auch Leute festzunehmen. Trotz allem gelang es ihnen nicht die Demo aufzuhalten oder uns Aktionsformen zu diktieren.<\/span><\/div>\n<div><\/div>\n<div id=\"magicdomid281\" class=\"ace-line\"><span class=\"author-a-kc4uz77zz77zkz74zxz67ziz70z3z83z4m\">Hinterher beteiligten wir uns an den Aktionen gegen die Nazis von NPD und Die Rechte, welche versuchten den 1. Mai f\u00fcr ihre faschistische Hetze zu missbrauchen. Mit Bannern mit der Aufschrift &#8222;Das Problem ist der Kapitalismus&#8220; versuchten sie sich als Systemkritiker:innen aufzuspielen, w\u00e4hrend sie in Wahrheit die sind, die den Kapitalismus am rabiatesten verteidigen. Als Alternative propagieren sie eine &#8222;Volksgemeinschaft&#8220; in der Ausbeuter:innen und Ausgebeutete einfach mit einander klarkommen sollen &#8211; diese Schweine sind keine Antikapitalist:innen! Sie spalten unsere Klasse und spielen Blitzableiter f\u00fcr die Herrschenden.<\/span><\/div>\n<div id=\"magicdomid282\" class=\"ace-line\"><span class=\"author-a-kc4uz77zz77zkz74zxz67ziz70z3z83z4m\">Antikapitalismus und Antifaschismus gehen Hand in Hand und das wurde am 1. Mai in die Praxis umgesetzt, in dem neben verschiedenen Gegenkundgebungen mehrfach versucht wurde auf die Route der Faschos zu kommen und teilweise erfolgreiche Sitzblockaden aufgebaut wurden.<\/span><\/div>\n<div id=\"magicdomid283\" class=\"ace-line\"><span class=\"author-a-kc4uz77zz77zkz74zxz67ziz70z3z83z4m\">Die Bullen, die das Viertel mit mehreren Hundertschaften, BFE, Pferdestaffeln und zwei Wasserwerfern besetzt hatten, gingen mit brutaler Gewalt gegen Antifaschist:innen vor, hinterlie\u00dfen dutzende Verletzte und nahmen Genoss:innen fest.<\/span><\/div>\n<div id=\"magicdomid284\" class=\"ace-line\"><span class=\"author-a-kc4uz77zz77zkz74zxz67ziz70z3z83z4m\">Ganz anders war der Umgang der Polizei mit den Faschos: Nicht nur wurde ihnen der Weg freigepr\u00fcgelt, sie konnten auch ungest\u00f6rt Journalist:innen bedrohen und durften in der Polizeiwache auf Toilette gehen.<\/span><\/div>\n<div id=\"magicdomid285\" class=\"ace-line\"><span class=\"author-a-kc4uz77zz77zkz74zxz67ziz70z3z83z4m\">Der Staat hat wiedereinmal unmissverst\u00e4ndlich gezeigt, dass er in Feindschaft zu wirklich antikapitalistischen Bewegungen steht, w\u00e4hrend er sich die Faschist:innen als Kettenhunde h\u00e4lt. Nach den aufgeflogenen rechten Chatgruppen in der Essener Polizei und dem Mord an Adel haben wir auch nichts anderes erwartet.<\/span><\/div>\n<div><img loading=\"lazy\" decoding=\"async\" class=\"alignnone size-medium wp-image-389\" src=\"https:\/\/frauenkollektiv.de\/wp-content\/uploads\/2021\/05\/1.-MAI-ESSEN-300x169.png\" alt=\"\" width=\"300\" height=\"169\" srcset=\"https:\/\/frauenkollektiv.de\/wp-content\/uploads\/2021\/05\/1.-MAI-ESSEN-300x169.png 300w, https:\/\/frauenkollektiv.de\/wp-content\/uploads\/2021\/05\/1.-MAI-ESSEN-1024x578.png 1024w, https:\/\/frauenkollektiv.de\/wp-content\/uploads\/2021\/05\/1.-MAI-ESSEN-768x434.png 768w, https:\/\/frauenkollektiv.de\/wp-content\/uploads\/2021\/05\/1.-MAI-ESSEN-696x393.png 696w, https:\/\/frauenkollektiv.de\/wp-content\/uploads\/2021\/05\/1.-MAI-ESSEN-1068x603.png 1068w, https:\/\/frauenkollektiv.de\/wp-content\/uploads\/2021\/05\/1.-MAI-ESSEN-744x420.png 744w, https:\/\/frauenkollektiv.de\/wp-content\/uploads\/2021\/05\/1.-MAI-ESSEN.png 1364w\" sizes=\"auto, (max-width: 300px) 100vw, 300px\" \/><\/div>\n<h4 id=\"magicdomid291\" class=\"ace-line\"><span class=\"author-a-kc4uz77zz77zkz74zxz67ziz70z3z83z4m\">Wuppertal\u00a0<\/span><\/h4>\n<div id=\"magicdomid292\" class=\"ace-line\"><span class=\"author-a-kc4uz77zz77zkz74zxz67ziz70z3z83z4m\">Am Vorabend des 1. Mai haben wir und mit Genoss:innen des Studierendenkollektivs an der Vorabenddemonstration in Duisburg beteiligt.<\/span><\/div>\n<div><\/div>\n<div id=\"magicdomid294\" class=\"ace-line\"><span class=\"author-a-kc4uz77zz77zkz74zxz67ziz70z3z83z4m\">Am 1. Mai selber haben wir gemeinsam mit vielen weiteren Gruppen um 11:30 Uhr zu einer Demonstration aufgerufen. Mit etwa 200 Menschen sind wir vom Hauptbahnhof bis nach Utopiastadt gezogen. Auf der Endkundgebung forderten wir in unserer Rede die Freigabe der Impfpatente, kritisierten das Gesch\u00e4ft mit lebensrettenden Impfstoffen und zeigten klar auf, dass der Kapitalismus f\u00fcr eine solche Krise keine L\u00f6sung bereit h\u00e4lt. Nach etwas Musik ging diese Kundgebung zu Ende, doch nach einer kurzen Verschnaufpause ging es direkt weiter zur autonomen 1.Mai Kundgebung auf dem Otto-B\u00f6hne-Platz um 17 Uhr. Auch hier war die Stimmung solidarisch und k\u00e4mpferisch. Zus\u00e4tzlich dazu gab es eine kleine Ausstellung zum Thema Verfassungsschutz.\u00a0<\/span><\/div>\n<div><img loading=\"lazy\" decoding=\"async\" class=\"alignnone size-medium wp-image-408\" src=\"https:\/\/frauenkollektiv.de\/wp-content\/uploads\/2021\/05\/1.-MAI-WUPPERTAL-300x169.png\" alt=\"\" width=\"300\" height=\"169\" srcset=\"https:\/\/frauenkollektiv.de\/wp-content\/uploads\/2021\/05\/1.-MAI-WUPPERTAL-300x169.png 300w, https:\/\/frauenkollektiv.de\/wp-content\/uploads\/2021\/05\/1.-MAI-WUPPERTAL-1024x578.png 1024w, https:\/\/frauenkollektiv.de\/wp-content\/uploads\/2021\/05\/1.-MAI-WUPPERTAL-768x434.png 768w, https:\/\/frauenkollektiv.de\/wp-content\/uploads\/2021\/05\/1.-MAI-WUPPERTAL-696x393.png 696w, https:\/\/frauenkollektiv.de\/wp-content\/uploads\/2021\/05\/1.-MAI-WUPPERTAL-1068x603.png 1068w, https:\/\/frauenkollektiv.de\/wp-content\/uploads\/2021\/05\/1.-MAI-WUPPERTAL-744x420.png 744w, https:\/\/frauenkollektiv.de\/wp-content\/uploads\/2021\/05\/1.-MAI-WUPPERTAL.png 1364w\" sizes=\"auto, (max-width: 300px) 100vw, 300px\" \/> <img loading=\"lazy\" decoding=\"async\" class=\"alignnone size-medium wp-image-409\" src=\"https:\/\/frauenkollektiv.de\/wp-content\/uploads\/2021\/05\/1.-MAI-WUPPERTAL1-300x169.png\" alt=\"\" width=\"300\" height=\"169\" srcset=\"https:\/\/frauenkollektiv.de\/wp-content\/uploads\/2021\/05\/1.-MAI-WUPPERTAL1-300x169.png 300w, https:\/\/frauenkollektiv.de\/wp-content\/uploads\/2021\/05\/1.-MAI-WUPPERTAL1-1024x578.png 1024w, https:\/\/frauenkollektiv.de\/wp-content\/uploads\/2021\/05\/1.-MAI-WUPPERTAL1-768x434.png 768w, https:\/\/frauenkollektiv.de\/wp-content\/uploads\/2021\/05\/1.-MAI-WUPPERTAL1-696x393.png 696w, https:\/\/frauenkollektiv.de\/wp-content\/uploads\/2021\/05\/1.-MAI-WUPPERTAL1-1068x603.png 1068w, https:\/\/frauenkollektiv.de\/wp-content\/uploads\/2021\/05\/1.-MAI-WUPPERTAL1-744x420.png 744w, https:\/\/frauenkollektiv.de\/wp-content\/uploads\/2021\/05\/1.-MAI-WUPPERTAL1.png 1364w\" sizes=\"auto, (max-width: 300px) 100vw, 300px\" \/><\/div>\n<\/div>\n<div><\/div>\n<div id=\"magicdomid1034\" class=\"ace-line\"><\/div>\n","protected":false},"excerpt":{"rendered":"<p>Gemeinsamer Bericht des Frauenkollektivs, der Internationalen Jugend, des Solidarit\u00e4tsnetzwers und des Studierendenkollektivs In ganz Deutschland haben sich die Antikapitalist:innen und Revolution\u00e4r:innen die Stra\u00dfen zur\u00fcck genommen und sich die k\u00e4mpferischen Demonstrationen zum 1. Mai nicht verbieten lassen. Fast \u00fcberall beantwortete die Polizei das mit Schlagst\u00f6cken, Pfefferspray und Festnahmen.\u00a0 Es ist ein richtiger Schritt, dass wir uns [&hellip;]<\/p>\n","protected":false},"author":1,"featured_media":410,"comment_status":"open","ping_status":"open","sticky":false,"template":"","format":"standard","meta":{"_jetpack_memberships_contains_paid_content":false,"footnotes":""},"categories":[1],"tags":[],"class_list":["post-386","post","type-post","status-publish","format-standard","has-post-thumbnail","hentry","category-uncategorized"],"blocksy_meta":[],"jetpack_featured_media_url":"https:\/\/frauenkollektiv.de\/wp-content\/uploads\/2021\/05\/VORABENDDUISBURG-FERTIG.png","jetpack_sharing_enabled":true,"_links":{"self":[{"href":"https:\/\/frauenkollektiv.de\/index.php\/wp-json\/wp\/v2\/posts\/386","targetHints":{"allow":["GET"]}}],"collection":[{"href":"https:\/\/frauenkollektiv.de\/index.php\/wp-json\/wp\/v2\/posts"}],"about":[{"href":"https:\/\/frauenkollektiv.de\/index.php\/wp-json\/wp\/v2\/types\/post"}],"author":[{"embeddable":true,"href":"https:\/\/frauenkollektiv.de\/index.php\/wp-json\/wp\/v2\/users\/1"}],"replies":[{"embeddable":true,"href":"https:\/\/frauenkollektiv.de\/index.php\/wp-json\/wp\/v2\/comments?post=386"}],"version-history":[{"count":1,"href":"https:\/\/frauenkollektiv.de\/index.php\/wp-json\/wp\/v2\/posts\/386\/revisions"}],"predecessor-version":[{"id":412,"href":"https:\/\/frauenkollektiv.de\/index.php\/wp-json\/wp\/v2\/posts\/386\/revisions\/412"}],"wp:featuredmedia":[{"embeddable":true,"href":"https:\/\/frauenkollektiv.de\/index.php\/wp-json\/wp\/v2\/media\/410"}],"wp:attachment":[{"href":"https:\/\/frauenkollektiv.de\/index.php\/wp-json\/wp\/v2\/media?parent=386"}],"wp:term":[{"taxonomy":"category","embeddable":true,"href":"https:\/\/frauenkollektiv.de\/index.php\/wp-json\/wp\/v2\/categories?post=386"},{"taxonomy":"post_tag","embeddable":true,"href":"https:\/\/frauenkollektiv.de\/index.php\/wp-json\/wp\/v2\/tags?post=386"}],"curies":[{"name":"wp","href":"https:\/\/api.w.org\/{rel}","templated":true}]}}