{"id":367,"date":"2021-03-10T20:05:22","date_gmt":"2021-03-10T20:05:22","guid":{"rendered":"https:\/\/frauenkollektiv.de\/?p=367"},"modified":"2021-03-10T20:34:21","modified_gmt":"2021-03-10T20:34:21","slug":"das-war-der-8-maerz-2021-in-cottbus","status":"publish","type":"post","link":"https:\/\/frauenkollektiv.de\/index.php\/2021\/03\/10\/das-war-der-8-maerz-2021-in-cottbus\/","title":{"rendered":"Das war der 8. M\u00e4rz 2021 in Cottbus"},"content":{"rendered":"<p>Am 8.M\u00e4rz, dem internationalen Frauenkampftag, haben wir mit ca. 120 Menschen eine sehr k\u00e4mpferische Kundgebung In Cottbus abgehalten.<\/p>\n<p><img loading=\"lazy\" decoding=\"async\" class=\"alignnone size-medium wp-image-376\" src=\"https:\/\/frauenkollektiv.de\/wp-content\/uploads\/2021\/03\/8m-ctb-2021-9-225x300.jpeg\" alt=\"\" width=\"225\" height=\"300\" srcset=\"https:\/\/frauenkollektiv.de\/wp-content\/uploads\/2021\/03\/8m-ctb-2021-9-225x300.jpeg 225w, https:\/\/frauenkollektiv.de\/wp-content\/uploads\/2021\/03\/8m-ctb-2021-9-768x1024.jpeg 768w, https:\/\/frauenkollektiv.de\/wp-content\/uploads\/2021\/03\/8m-ctb-2021-9-1152x1536.jpeg 1152w, https:\/\/frauenkollektiv.de\/wp-content\/uploads\/2021\/03\/8m-ctb-2021-9-696x928.jpeg 696w, https:\/\/frauenkollektiv.de\/wp-content\/uploads\/2021\/03\/8m-ctb-2021-9-1068x1424.jpeg 1068w, https:\/\/frauenkollektiv.de\/wp-content\/uploads\/2021\/03\/8m-ctb-2021-9-315x420.jpeg 315w, https:\/\/frauenkollektiv.de\/wp-content\/uploads\/2021\/03\/8m-ctb-2021-9.jpeg 1200w\" sizes=\"auto, (max-width: 225px) 100vw, 225px\" \/> <img loading=\"lazy\" decoding=\"async\" class=\"alignnone size-medium wp-image-375\" src=\"https:\/\/frauenkollektiv.de\/wp-content\/uploads\/2021\/03\/8m-ctb-2021-8-300x225.jpeg\" alt=\"\" width=\"300\" height=\"225\" srcset=\"https:\/\/frauenkollektiv.de\/wp-content\/uploads\/2021\/03\/8m-ctb-2021-8-300x225.jpeg 300w, https:\/\/frauenkollektiv.de\/wp-content\/uploads\/2021\/03\/8m-ctb-2021-8-1024x768.jpeg 1024w, https:\/\/frauenkollektiv.de\/wp-content\/uploads\/2021\/03\/8m-ctb-2021-8-768x576.jpeg 768w, https:\/\/frauenkollektiv.de\/wp-content\/uploads\/2021\/03\/8m-ctb-2021-8-1536x1152.jpeg 1536w, https:\/\/frauenkollektiv.de\/wp-content\/uploads\/2021\/03\/8m-ctb-2021-8-696x522.jpeg 696w, https:\/\/frauenkollektiv.de\/wp-content\/uploads\/2021\/03\/8m-ctb-2021-8-1068x801.jpeg 1068w, https:\/\/frauenkollektiv.de\/wp-content\/uploads\/2021\/03\/8m-ctb-2021-8-560x420.jpeg 560w, https:\/\/frauenkollektiv.de\/wp-content\/uploads\/2021\/03\/8m-ctb-2021-8-80x60.jpeg 80w, https:\/\/frauenkollektiv.de\/wp-content\/uploads\/2021\/03\/8m-ctb-2021-8-265x198.jpeg 265w, https:\/\/frauenkollektiv.de\/wp-content\/uploads\/2021\/03\/8m-ctb-2021-8.jpeg 1600w\" sizes=\"auto, (max-width: 300px) 100vw, 300px\" \/><\/p>\n<p>Zuvor waren wir in der Stadt Flyer verteilen und haben flei\u00dfig zur Kundgebung mobilisiert.<\/p>\n<p><img loading=\"lazy\" decoding=\"async\" class=\"alignnone size-medium wp-image-368\" src=\"https:\/\/frauenkollektiv.de\/wp-content\/uploads\/2021\/03\/8m-ctb-2021-1-225x300.jpeg\" alt=\"\" width=\"225\" height=\"300\" srcset=\"https:\/\/frauenkollektiv.de\/wp-content\/uploads\/2021\/03\/8m-ctb-2021-1-225x300.jpeg 225w, https:\/\/frauenkollektiv.de\/wp-content\/uploads\/2021\/03\/8m-ctb-2021-1-768x1024.jpeg 768w, https:\/\/frauenkollektiv.de\/wp-content\/uploads\/2021\/03\/8m-ctb-2021-1-1152x1536.jpeg 1152w, https:\/\/frauenkollektiv.de\/wp-content\/uploads\/2021\/03\/8m-ctb-2021-1-696x928.jpeg 696w, https:\/\/frauenkollektiv.de\/wp-content\/uploads\/2021\/03\/8m-ctb-2021-1-1068x1424.jpeg 1068w, https:\/\/frauenkollektiv.de\/wp-content\/uploads\/2021\/03\/8m-ctb-2021-1-315x420.jpeg 315w, https:\/\/frauenkollektiv.de\/wp-content\/uploads\/2021\/03\/8m-ctb-2021-1.jpeg 1200w\" sizes=\"auto, (max-width: 225px) 100vw, 225px\" \/><\/p>\n<p>Andere Organisationen haben uns mit ihren spannenden Redebeitr\u00e4gen unterst\u00fctzt und sehr vielf\u00e4ltig gezeigt, wie weit das Patriarchat in unser aller Leben eindringt, uns beschneidet in unserer Freiheit, wie sich die medizinischen Versorgung zwischen Geschlechtern teilt und sich nachteilig auf die Frauen auswirkt. Auch wie heftig Frauen vom Klimawandel betroffen sind und wie notwendig es ist viele unserer K\u00e4mpfe gemeinsam mit der LGBTI+ Community zu f\u00fchren und die verbindende Komponente durch die Unterdr\u00fcckung des Patriarchats darzustellen. Und weitere mutige Frauen haben aus ihrer Realit\u00e4t erz\u00e4hlt und die Sexualisierung von Frauenk\u00f6rpern und das steige grenz\u00fcberschreitende Verhalten von M\u00e4nner angeprangert und an sie appelliert.<\/p>\n<p><img loading=\"lazy\" decoding=\"async\" class=\"alignnone size-medium wp-image-372\" src=\"https:\/\/frauenkollektiv.de\/wp-content\/uploads\/2021\/03\/8m-ctb-2021-5-300x225.jpeg\" alt=\"\" width=\"300\" height=\"225\" srcset=\"https:\/\/frauenkollektiv.de\/wp-content\/uploads\/2021\/03\/8m-ctb-2021-5-300x225.jpeg 300w, https:\/\/frauenkollektiv.de\/wp-content\/uploads\/2021\/03\/8m-ctb-2021-5-1024x768.jpeg 1024w, https:\/\/frauenkollektiv.de\/wp-content\/uploads\/2021\/03\/8m-ctb-2021-5-768x576.jpeg 768w, https:\/\/frauenkollektiv.de\/wp-content\/uploads\/2021\/03\/8m-ctb-2021-5-1536x1152.jpeg 1536w, https:\/\/frauenkollektiv.de\/wp-content\/uploads\/2021\/03\/8m-ctb-2021-5-696x522.jpeg 696w, https:\/\/frauenkollektiv.de\/wp-content\/uploads\/2021\/03\/8m-ctb-2021-5-1068x801.jpeg 1068w, https:\/\/frauenkollektiv.de\/wp-content\/uploads\/2021\/03\/8m-ctb-2021-5-560x420.jpeg 560w, https:\/\/frauenkollektiv.de\/wp-content\/uploads\/2021\/03\/8m-ctb-2021-5-80x60.jpeg 80w, https:\/\/frauenkollektiv.de\/wp-content\/uploads\/2021\/03\/8m-ctb-2021-5-265x198.jpeg 265w, https:\/\/frauenkollektiv.de\/wp-content\/uploads\/2021\/03\/8m-ctb-2021-5.jpeg 1600w\" sizes=\"auto, (max-width: 300px) 100vw, 300px\" \/> <img loading=\"lazy\" decoding=\"async\" class=\"alignnone size-medium wp-image-377\" src=\"https:\/\/frauenkollektiv.de\/wp-content\/uploads\/2021\/03\/8m-ctb-2021-10-300x225.jpeg\" alt=\"\" width=\"300\" height=\"225\" srcset=\"https:\/\/frauenkollektiv.de\/wp-content\/uploads\/2021\/03\/8m-ctb-2021-10-300x225.jpeg 300w, https:\/\/frauenkollektiv.de\/wp-content\/uploads\/2021\/03\/8m-ctb-2021-10-1024x768.jpeg 1024w, https:\/\/frauenkollektiv.de\/wp-content\/uploads\/2021\/03\/8m-ctb-2021-10-768x576.jpeg 768w, https:\/\/frauenkollektiv.de\/wp-content\/uploads\/2021\/03\/8m-ctb-2021-10-1536x1152.jpeg 1536w, https:\/\/frauenkollektiv.de\/wp-content\/uploads\/2021\/03\/8m-ctb-2021-10-696x522.jpeg 696w, https:\/\/frauenkollektiv.de\/wp-content\/uploads\/2021\/03\/8m-ctb-2021-10-1068x801.jpeg 1068w, https:\/\/frauenkollektiv.de\/wp-content\/uploads\/2021\/03\/8m-ctb-2021-10-560x420.jpeg 560w, https:\/\/frauenkollektiv.de\/wp-content\/uploads\/2021\/03\/8m-ctb-2021-10-80x60.jpeg 80w, https:\/\/frauenkollektiv.de\/wp-content\/uploads\/2021\/03\/8m-ctb-2021-10-265x198.jpeg 265w, https:\/\/frauenkollektiv.de\/wp-content\/uploads\/2021\/03\/8m-ctb-2021-10.jpeg 1600w\" sizes=\"auto, (max-width: 300px) 100vw, 300px\" \/><\/p>\n","protected":false},"excerpt":{"rendered":"<p>Am 8.M\u00e4rz, dem internationalen Frauenkampftag, haben wir mit ca. 120 Menschen eine sehr k\u00e4mpferische Kundgebung In Cottbus abgehalten. Zuvor waren wir in der Stadt Flyer verteilen und haben flei\u00dfig zur Kundgebung mobilisiert. Andere Organisationen haben uns mit ihren spannenden Redebeitr\u00e4gen unterst\u00fctzt und sehr vielf\u00e4ltig gezeigt, wie weit das Patriarchat in unser aller Leben eindringt, uns [&hellip;]<\/p>\n","protected":false},"author":1,"featured_media":377,"comment_status":"open","ping_status":"open","sticky":false,"template":"","format":"standard","meta":{"_jetpack_memberships_contains_paid_content":false,"footnotes":""},"categories":[1],"tags":[],"class_list":["post-367","post","type-post","status-publish","format-standard","has-post-thumbnail","hentry","category-uncategorized"],"blocksy_meta":[],"jetpack_featured_media_url":"https:\/\/frauenkollektiv.de\/wp-content\/uploads\/2021\/03\/8m-ctb-2021-10.jpeg","jetpack_sharing_enabled":true,"_links":{"self":[{"href":"https:\/\/frauenkollektiv.de\/index.php\/wp-json\/wp\/v2\/posts\/367","targetHints":{"allow":["GET"]}}],"collection":[{"href":"https:\/\/frauenkollektiv.de\/index.php\/wp-json\/wp\/v2\/posts"}],"about":[{"href":"https:\/\/frauenkollektiv.de\/index.php\/wp-json\/wp\/v2\/types\/post"}],"author":[{"embeddable":true,"href":"https:\/\/frauenkollektiv.de\/index.php\/wp-json\/wp\/v2\/users\/1"}],"replies":[{"embeddable":true,"href":"https:\/\/frauenkollektiv.de\/index.php\/wp-json\/wp\/v2\/comments?post=367"}],"version-history":[{"count":1,"href":"https:\/\/frauenkollektiv.de\/index.php\/wp-json\/wp\/v2\/posts\/367\/revisions"}],"predecessor-version":[{"id":378,"href":"https:\/\/frauenkollektiv.de\/index.php\/wp-json\/wp\/v2\/posts\/367\/revisions\/378"}],"wp:featuredmedia":[{"embeddable":true,"href":"https:\/\/frauenkollektiv.de\/index.php\/wp-json\/wp\/v2\/media\/377"}],"wp:attachment":[{"href":"https:\/\/frauenkollektiv.de\/index.php\/wp-json\/wp\/v2\/media?parent=367"}],"wp:term":[{"taxonomy":"category","embeddable":true,"href":"https:\/\/frauenkollektiv.de\/index.php\/wp-json\/wp\/v2\/categories?post=367"},{"taxonomy":"post_tag","embeddable":true,"href":"https:\/\/frauenkollektiv.de\/index.php\/wp-json\/wp\/v2\/tags?post=367"}],"curies":[{"name":"wp","href":"https:\/\/api.w.org\/{rel}","templated":true}]}}