{"id":347,"date":"2021-03-09T19:09:23","date_gmt":"2021-03-09T19:09:23","guid":{"rendered":"https:\/\/frauenkollektiv.de\/?p=347"},"modified":"2021-03-10T20:34:39","modified_gmt":"2021-03-10T20:34:39","slug":"das-war-der-8-maerz-2021-in-koeln","status":"publish","type":"post","link":"https:\/\/frauenkollektiv.de\/index.php\/2021\/03\/09\/das-war-der-8-maerz-2021-in-koeln\/","title":{"rendered":"Das war der 8. M\u00e4rz 2021 in K\u00f6ln"},"content":{"rendered":"<p><em>\u201eWir m\u00fcssen Sorge tragen, das der Frauentag nicht nur eine gl\u00e4nzende Demonstration f\u00fcr die politische Gleichberechtigung des weiblichen Geschlechts, sondern dar\u00fcber hinaus der Ausdruck einer Rebellion gegen den Kapitalismus, eine leidenschaftliche Kampfansage all den Reaktionen Ma\u00dfnahmen der Besitzenden ist.&#8220;<\/em><br \/>\n~ Clara Zetkin ~<\/p>\n<p>Bereits einige Tage vor dem 8.M\u00e4rz fingen wir mit der Mobilisation an.<br \/>\nWir gingen in vielen Viertel in K\u00f6ln Flyer verteilen und h\u00e4ngten sie auf<\/p>\n<p><img loading=\"lazy\" decoding=\"async\" class=\"alignnone size-medium wp-image-356\" src=\"https:\/\/frauenkollektiv.de\/wp-content\/uploads\/2021\/03\/flyer8m2-202x300.jpeg\" alt=\"\" width=\"202\" height=\"300\" srcset=\"https:\/\/frauenkollektiv.de\/wp-content\/uploads\/2021\/03\/flyer8m2-202x300.jpeg 202w, https:\/\/frauenkollektiv.de\/wp-content\/uploads\/2021\/03\/flyer8m2-689x1024.jpeg 689w, https:\/\/frauenkollektiv.de\/wp-content\/uploads\/2021\/03\/flyer8m2-768x1141.jpeg 768w, https:\/\/frauenkollektiv.de\/wp-content\/uploads\/2021\/03\/flyer8m2-1034x1536.jpeg 1034w, https:\/\/frauenkollektiv.de\/wp-content\/uploads\/2021\/03\/flyer8m2-696x1034.jpeg 696w, https:\/\/frauenkollektiv.de\/wp-content\/uploads\/2021\/03\/flyer8m2-1068x1587.jpeg 1068w, https:\/\/frauenkollektiv.de\/wp-content\/uploads\/2021\/03\/flyer8m2-283x420.jpeg 283w, https:\/\/frauenkollektiv.de\/wp-content\/uploads\/2021\/03\/flyer8m2.jpeg 1077w\" sizes=\"auto, (max-width: 202px) 100vw, 202px\" \/><img loading=\"lazy\" decoding=\"async\" class=\"alignnone size-medium wp-image-355\" src=\"https:\/\/frauenkollektiv.de\/wp-content\/uploads\/2021\/03\/flyer8m1-225x300.jpeg\" alt=\"\" width=\"225\" height=\"300\" srcset=\"https:\/\/frauenkollektiv.de\/wp-content\/uploads\/2021\/03\/flyer8m1-225x300.jpeg 225w, https:\/\/frauenkollektiv.de\/wp-content\/uploads\/2021\/03\/flyer8m1-768x1024.jpeg 768w, https:\/\/frauenkollektiv.de\/wp-content\/uploads\/2021\/03\/flyer8m1-1152x1536.jpeg 1152w, https:\/\/frauenkollektiv.de\/wp-content\/uploads\/2021\/03\/flyer8m1-696x928.jpeg 696w, https:\/\/frauenkollektiv.de\/wp-content\/uploads\/2021\/03\/flyer8m1-1068x1424.jpeg 1068w, https:\/\/frauenkollektiv.de\/wp-content\/uploads\/2021\/03\/flyer8m1-315x420.jpeg 315w, https:\/\/frauenkollektiv.de\/wp-content\/uploads\/2021\/03\/flyer8m1.jpeg 1200w\" sizes=\"auto, (max-width: 225px) 100vw, 225px\" \/><\/p>\n<p>&nbsp;<\/p>\n<p>Schrieben mit Kreide Parolen und Aufrufe zur Kundgebung auf den Boden<\/p>\n<p><img loading=\"lazy\" decoding=\"async\" class=\"alignnone size-medium wp-image-360\" src=\"https:\/\/frauenkollektiv.de\/wp-content\/uploads\/2021\/03\/kreide8m3-300x225.jpeg\" alt=\"\" width=\"300\" height=\"225\" srcset=\"https:\/\/frauenkollektiv.de\/wp-content\/uploads\/2021\/03\/kreide8m3-300x225.jpeg 300w, https:\/\/frauenkollektiv.de\/wp-content\/uploads\/2021\/03\/kreide8m3-1024x769.jpeg 1024w, https:\/\/frauenkollektiv.de\/wp-content\/uploads\/2021\/03\/kreide8m3-768x576.jpeg 768w, https:\/\/frauenkollektiv.de\/wp-content\/uploads\/2021\/03\/kreide8m3-1536x1153.jpeg 1536w, https:\/\/frauenkollektiv.de\/wp-content\/uploads\/2021\/03\/kreide8m3-696x522.jpeg 696w, https:\/\/frauenkollektiv.de\/wp-content\/uploads\/2021\/03\/kreide8m3-1068x802.jpeg 1068w, https:\/\/frauenkollektiv.de\/wp-content\/uploads\/2021\/03\/kreide8m3-560x420.jpeg 560w, https:\/\/frauenkollektiv.de\/wp-content\/uploads\/2021\/03\/kreide8m3-80x60.jpeg 80w, https:\/\/frauenkollektiv.de\/wp-content\/uploads\/2021\/03\/kreide8m3-265x198.jpeg 265w, https:\/\/frauenkollektiv.de\/wp-content\/uploads\/2021\/03\/kreide8m3.jpeg 1600w\" sizes=\"auto, (max-width: 300px) 100vw, 300px\" \/> <img loading=\"lazy\" decoding=\"async\" class=\"alignnone size-medium wp-image-359\" src=\"https:\/\/frauenkollektiv.de\/wp-content\/uploads\/2021\/03\/kreide8m2-300x225.jpeg\" alt=\"\" width=\"300\" height=\"225\" srcset=\"https:\/\/frauenkollektiv.de\/wp-content\/uploads\/2021\/03\/kreide8m2-300x225.jpeg 300w, https:\/\/frauenkollektiv.de\/wp-content\/uploads\/2021\/03\/kreide8m2-1024x769.jpeg 1024w, https:\/\/frauenkollektiv.de\/wp-content\/uploads\/2021\/03\/kreide8m2-768x576.jpeg 768w, https:\/\/frauenkollektiv.de\/wp-content\/uploads\/2021\/03\/kreide8m2-1536x1153.jpeg 1536w, https:\/\/frauenkollektiv.de\/wp-content\/uploads\/2021\/03\/kreide8m2-696x522.jpeg 696w, https:\/\/frauenkollektiv.de\/wp-content\/uploads\/2021\/03\/kreide8m2-1068x802.jpeg 1068w, https:\/\/frauenkollektiv.de\/wp-content\/uploads\/2021\/03\/kreide8m2-560x420.jpeg 560w, https:\/\/frauenkollektiv.de\/wp-content\/uploads\/2021\/03\/kreide8m2-80x60.jpeg 80w, https:\/\/frauenkollektiv.de\/wp-content\/uploads\/2021\/03\/kreide8m2-265x198.jpeg 265w, https:\/\/frauenkollektiv.de\/wp-content\/uploads\/2021\/03\/kreide8m2.jpeg 1600w\" sizes=\"auto, (max-width: 300px) 100vw, 300px\" \/> <img loading=\"lazy\" decoding=\"async\" class=\"alignnone size-medium wp-image-358\" src=\"https:\/\/frauenkollektiv.de\/wp-content\/uploads\/2021\/03\/kreide8m1-300x225.jpeg\" alt=\"\" width=\"300\" height=\"225\" srcset=\"https:\/\/frauenkollektiv.de\/wp-content\/uploads\/2021\/03\/kreide8m1-300x225.jpeg 300w, https:\/\/frauenkollektiv.de\/wp-content\/uploads\/2021\/03\/kreide8m1-1024x769.jpeg 1024w, https:\/\/frauenkollektiv.de\/wp-content\/uploads\/2021\/03\/kreide8m1-768x576.jpeg 768w, https:\/\/frauenkollektiv.de\/wp-content\/uploads\/2021\/03\/kreide8m1-1536x1153.jpeg 1536w, https:\/\/frauenkollektiv.de\/wp-content\/uploads\/2021\/03\/kreide8m1-696x522.jpeg 696w, https:\/\/frauenkollektiv.de\/wp-content\/uploads\/2021\/03\/kreide8m1-1068x802.jpeg 1068w, https:\/\/frauenkollektiv.de\/wp-content\/uploads\/2021\/03\/kreide8m1-560x420.jpeg 560w, https:\/\/frauenkollektiv.de\/wp-content\/uploads\/2021\/03\/kreide8m1-80x60.jpeg 80w, https:\/\/frauenkollektiv.de\/wp-content\/uploads\/2021\/03\/kreide8m1-265x198.jpeg 265w, https:\/\/frauenkollektiv.de\/wp-content\/uploads\/2021\/03\/kreide8m1.jpeg 1600w\" sizes=\"auto, (max-width: 300px) 100vw, 300px\" \/><\/p>\n<p>Schlie\u00dflich muss auch im Stadtbild sichtbar sein, das der Kampftag ansteht!<\/p>\n<p>Am 8.M\u00e4rz dann fing unser Tag mit einer Kundgebung um 17 Uhr am Wiener Platz an. Dort veranstalteten wir gemeinsam mit den anderen Mitgliedern unseres Blocks, die antirassistische und internationalistische Kundgebung.<br \/>\nEs waren circa 400 Leute da und es gab nicht nur viele Redebeitr\u00e4ge zu den verschiedensten Themen, sondern auch eine Tanzperformance und Musik wie z.B vom kurdischen Frauenchor.<\/p>\n<p><img loading=\"lazy\" decoding=\"async\" class=\"alignnone size-medium wp-image-354\" src=\"https:\/\/frauenkollektiv.de\/wp-content\/uploads\/2021\/03\/8m-muelheim7-300x169.jpeg\" alt=\"\" width=\"300\" height=\"169\" srcset=\"https:\/\/frauenkollektiv.de\/wp-content\/uploads\/2021\/03\/8m-muelheim7-300x169.jpeg 300w, https:\/\/frauenkollektiv.de\/wp-content\/uploads\/2021\/03\/8m-muelheim7-1024x576.jpeg 1024w, https:\/\/frauenkollektiv.de\/wp-content\/uploads\/2021\/03\/8m-muelheim7-768x432.jpeg 768w, https:\/\/frauenkollektiv.de\/wp-content\/uploads\/2021\/03\/8m-muelheim7-1536x864.jpeg 1536w, https:\/\/frauenkollektiv.de\/wp-content\/uploads\/2021\/03\/8m-muelheim7-696x392.jpeg 696w, https:\/\/frauenkollektiv.de\/wp-content\/uploads\/2021\/03\/8m-muelheim7-1068x601.jpeg 1068w, https:\/\/frauenkollektiv.de\/wp-content\/uploads\/2021\/03\/8m-muelheim7-747x420.jpeg 747w, https:\/\/frauenkollektiv.de\/wp-content\/uploads\/2021\/03\/8m-muelheim7.jpeg 1600w\" sizes=\"auto, (max-width: 300px) 100vw, 300px\" \/> <img loading=\"lazy\" decoding=\"async\" class=\"alignnone size-medium wp-image-351\" src=\"https:\/\/frauenkollektiv.de\/wp-content\/uploads\/2021\/03\/8m-muelheim4-300x169.jpeg\" alt=\"\" width=\"300\" height=\"169\" srcset=\"https:\/\/frauenkollektiv.de\/wp-content\/uploads\/2021\/03\/8m-muelheim4-300x169.jpeg 300w, https:\/\/frauenkollektiv.de\/wp-content\/uploads\/2021\/03\/8m-muelheim4-1024x576.jpeg 1024w, https:\/\/frauenkollektiv.de\/wp-content\/uploads\/2021\/03\/8m-muelheim4-768x432.jpeg 768w, https:\/\/frauenkollektiv.de\/wp-content\/uploads\/2021\/03\/8m-muelheim4-1536x864.jpeg 1536w, https:\/\/frauenkollektiv.de\/wp-content\/uploads\/2021\/03\/8m-muelheim4-696x392.jpeg 696w, https:\/\/frauenkollektiv.de\/wp-content\/uploads\/2021\/03\/8m-muelheim4-1068x601.jpeg 1068w, https:\/\/frauenkollektiv.de\/wp-content\/uploads\/2021\/03\/8m-muelheim4-747x420.jpeg 747w, https:\/\/frauenkollektiv.de\/wp-content\/uploads\/2021\/03\/8m-muelheim4.jpeg 1600w\" sizes=\"auto, (max-width: 300px) 100vw, 300px\" \/> <img loading=\"lazy\" decoding=\"async\" class=\"alignnone size-medium wp-image-352\" src=\"https:\/\/frauenkollektiv.de\/wp-content\/uploads\/2021\/03\/8m-muelheim5-300x169.jpeg\" alt=\"\" width=\"300\" height=\"169\" srcset=\"https:\/\/frauenkollektiv.de\/wp-content\/uploads\/2021\/03\/8m-muelheim5-300x169.jpeg 300w, https:\/\/frauenkollektiv.de\/wp-content\/uploads\/2021\/03\/8m-muelheim5-1024x576.jpeg 1024w, https:\/\/frauenkollektiv.de\/wp-content\/uploads\/2021\/03\/8m-muelheim5-768x432.jpeg 768w, https:\/\/frauenkollektiv.de\/wp-content\/uploads\/2021\/03\/8m-muelheim5-1536x864.jpeg 1536w, https:\/\/frauenkollektiv.de\/wp-content\/uploads\/2021\/03\/8m-muelheim5-696x392.jpeg 696w, https:\/\/frauenkollektiv.de\/wp-content\/uploads\/2021\/03\/8m-muelheim5-1068x601.jpeg 1068w, https:\/\/frauenkollektiv.de\/wp-content\/uploads\/2021\/03\/8m-muelheim5-747x420.jpeg 747w, https:\/\/frauenkollektiv.de\/wp-content\/uploads\/2021\/03\/8m-muelheim5.jpeg 1600w\" sizes=\"auto, (max-width: 300px) 100vw, 300px\" \/><img loading=\"lazy\" decoding=\"async\" class=\"alignnone size-medium wp-image-361\" src=\"https:\/\/frauenkollektiv.de\/wp-content\/uploads\/2021\/03\/8m-muelheim8-300x169.jpeg\" alt=\"\" width=\"300\" height=\"169\" srcset=\"https:\/\/frauenkollektiv.de\/wp-content\/uploads\/2021\/03\/8m-muelheim8-300x169.jpeg 300w, https:\/\/frauenkollektiv.de\/wp-content\/uploads\/2021\/03\/8m-muelheim8-1024x576.jpeg 1024w, https:\/\/frauenkollektiv.de\/wp-content\/uploads\/2021\/03\/8m-muelheim8-768x432.jpeg 768w, https:\/\/frauenkollektiv.de\/wp-content\/uploads\/2021\/03\/8m-muelheim8-1536x864.jpeg 1536w, https:\/\/frauenkollektiv.de\/wp-content\/uploads\/2021\/03\/8m-muelheim8-696x392.jpeg 696w, https:\/\/frauenkollektiv.de\/wp-content\/uploads\/2021\/03\/8m-muelheim8-1068x601.jpeg 1068w, https:\/\/frauenkollektiv.de\/wp-content\/uploads\/2021\/03\/8m-muelheim8-747x420.jpeg 747w, https:\/\/frauenkollektiv.de\/wp-content\/uploads\/2021\/03\/8m-muelheim8.jpeg 1600w\" sizes=\"auto, (max-width: 300px) 100vw, 300px\" \/> <img loading=\"lazy\" decoding=\"async\" class=\"alignnone size-medium wp-image-362\" src=\"https:\/\/frauenkollektiv.de\/wp-content\/uploads\/2021\/03\/8m-muelheim9-300x300.jpeg\" alt=\"\" width=\"300\" height=\"300\" srcset=\"https:\/\/frauenkollektiv.de\/wp-content\/uploads\/2021\/03\/8m-muelheim9-300x300.jpeg 300w, https:\/\/frauenkollektiv.de\/wp-content\/uploads\/2021\/03\/8m-muelheim9-1024x1024.jpeg 1024w, https:\/\/frauenkollektiv.de\/wp-content\/uploads\/2021\/03\/8m-muelheim9-150x150.jpeg 150w, https:\/\/frauenkollektiv.de\/wp-content\/uploads\/2021\/03\/8m-muelheim9-768x768.jpeg 768w, https:\/\/frauenkollektiv.de\/wp-content\/uploads\/2021\/03\/8m-muelheim9-696x696.jpeg 696w, https:\/\/frauenkollektiv.de\/wp-content\/uploads\/2021\/03\/8m-muelheim9-1068x1068.jpeg 1068w, https:\/\/frauenkollektiv.de\/wp-content\/uploads\/2021\/03\/8m-muelheim9-420x420.jpeg 420w, https:\/\/frauenkollektiv.de\/wp-content\/uploads\/2021\/03\/8m-muelheim9.jpeg 1080w\" sizes=\"auto, (max-width: 300px) 100vw, 300px\" \/><br \/>\nImmer wieder h\u00f6rte man Parolen wie \u201eFrauen k\u00e4mpfen international, gegen Sexismus, Krieg und Kapital!\u201c und \u201eJin Jyan Azadi\u201c (Frauen leben Freiheit).<br \/>\nNeben den vielf\u00e4ltigen internationalistischen Beitr\u00e4gen, wurde auch eine Livestream zu unseren Freundinnen nach Chile gemacht.<\/p>\n<p>Nach unserer Kundgebung gingen wir zu der gemeinsamen Abschlusskundgebung des gesamten 8.M B\u00fcndnisses am Rudolfplatz. Dort fanden sich dann alle ein, denn vorher gab es in ganz K\u00f6ln Kundgebungen mit verschiedenen Themengebieten. Hier fand der erfolgreiche Tag dann einen guten Abschluss.<\/p>\n<p><img loading=\"lazy\" decoding=\"async\" class=\"alignnone size-medium wp-image-357\" src=\"https:\/\/frauenkollektiv.de\/wp-content\/uploads\/2021\/03\/KG8m2-169x300.jpeg\" alt=\"\" width=\"169\" height=\"300\" srcset=\"https:\/\/frauenkollektiv.de\/wp-content\/uploads\/2021\/03\/KG8m2-169x300.jpeg 169w, https:\/\/frauenkollektiv.de\/wp-content\/uploads\/2021\/03\/KG8m2-576x1024.jpeg 576w, https:\/\/frauenkollektiv.de\/wp-content\/uploads\/2021\/03\/KG8m2-768x1365.jpeg 768w, https:\/\/frauenkollektiv.de\/wp-content\/uploads\/2021\/03\/KG8m2-864x1536.jpeg 864w, https:\/\/frauenkollektiv.de\/wp-content\/uploads\/2021\/03\/KG8m2-696x1237.jpeg 696w, https:\/\/frauenkollektiv.de\/wp-content\/uploads\/2021\/03\/KG8m2-236x420.jpeg 236w, https:\/\/frauenkollektiv.de\/wp-content\/uploads\/2021\/03\/KG8m2.jpeg 900w\" sizes=\"auto, (max-width: 169px) 100vw, 169px\" \/><\/p>\n<p>Jeder Tag ist Frauenkampftag! Hoch die internationale Solidarit\u00e4t!<\/p>\n","protected":false},"excerpt":{"rendered":"<p>\u201eWir m\u00fcssen Sorge tragen, das der Frauentag nicht nur eine gl\u00e4nzende Demonstration f\u00fcr die politische Gleichberechtigung des weiblichen Geschlechts, sondern dar\u00fcber hinaus der Ausdruck einer Rebellion gegen den Kapitalismus, eine leidenschaftliche Kampfansage all den Reaktionen Ma\u00dfnahmen der Besitzenden ist.&#8220; ~ Clara Zetkin ~ Bereits einige Tage vor dem 8.M\u00e4rz fingen wir mit der Mobilisation an. [&hellip;]<\/p>\n","protected":false},"author":1,"featured_media":353,"comment_status":"open","ping_status":"open","sticky":false,"template":"","format":"standard","meta":{"_jetpack_memberships_contains_paid_content":false,"footnotes":""},"categories":[1],"tags":[],"class_list":["post-347","post","type-post","status-publish","format-standard","has-post-thumbnail","hentry","category-uncategorized"],"blocksy_meta":[],"jetpack_featured_media_url":"https:\/\/frauenkollektiv.de\/wp-content\/uploads\/2021\/03\/8m-muelheim6.jpeg","jetpack_sharing_enabled":true,"_links":{"self":[{"href":"https:\/\/frauenkollektiv.de\/index.php\/wp-json\/wp\/v2\/posts\/347","targetHints":{"allow":["GET"]}}],"collection":[{"href":"https:\/\/frauenkollektiv.de\/index.php\/wp-json\/wp\/v2\/posts"}],"about":[{"href":"https:\/\/frauenkollektiv.de\/index.php\/wp-json\/wp\/v2\/types\/post"}],"author":[{"embeddable":true,"href":"https:\/\/frauenkollektiv.de\/index.php\/wp-json\/wp\/v2\/users\/1"}],"replies":[{"embeddable":true,"href":"https:\/\/frauenkollektiv.de\/index.php\/wp-json\/wp\/v2\/comments?post=347"}],"version-history":[{"count":4,"href":"https:\/\/frauenkollektiv.de\/index.php\/wp-json\/wp\/v2\/posts\/347\/revisions"}],"predecessor-version":[{"id":366,"href":"https:\/\/frauenkollektiv.de\/index.php\/wp-json\/wp\/v2\/posts\/347\/revisions\/366"}],"wp:featuredmedia":[{"embeddable":true,"href":"https:\/\/frauenkollektiv.de\/index.php\/wp-json\/wp\/v2\/media\/353"}],"wp:attachment":[{"href":"https:\/\/frauenkollektiv.de\/index.php\/wp-json\/wp\/v2\/media?parent=347"}],"wp:term":[{"taxonomy":"category","embeddable":true,"href":"https:\/\/frauenkollektiv.de\/index.php\/wp-json\/wp\/v2\/categories?post=347"},{"taxonomy":"post_tag","embeddable":true,"href":"https:\/\/frauenkollektiv.de\/index.php\/wp-json\/wp\/v2\/tags?post=347"}],"curies":[{"name":"wp","href":"https:\/\/api.w.org\/{rel}","templated":true}]}}