{"id":267,"date":"2021-03-01T17:05:51","date_gmt":"2021-03-01T17:05:51","guid":{"rendered":"https:\/\/frauenkollektiv.de\/?p=267"},"modified":"2021-03-10T20:34:56","modified_gmt":"2021-03-10T20:34:56","slug":"am-8-maerz-auf-die-strassen","status":"publish","type":"post","link":"https:\/\/frauenkollektiv.de\/index.php\/2021\/03\/01\/am-8-maerz-auf-die-strassen\/","title":{"rendered":"Am 8. M\u00e4rz auf die Stra\u00dfen!"},"content":{"rendered":"<p>&#8222;Tapfer, unverzagt und l\u00e4chelnd &#8211; Trotz alledem!&#8220; ~Rosa Luxemburg<\/p>\n<p><span class=\"fontstyle0\">Die aktuelle Lebensrealit\u00e4t aller arbeitenden Menschen,<br \/>\nStudierenden, Azubis und Rentner:innen ist gerade heftigst gepr\u00e4gt<br \/>\nvon der Corona-Pandemie, deren Auswirkungen und der aktuellen<br \/>\nWirtschaftskrise.<br \/>\nDoch vom gesellschaftlichen Ausnahmezustand sind nicht alle<br \/>\ngleich betroffen!<br \/>\nWir Frauen, insbesondere diejenigen von uns, die in<br \/>\nsystemrelevanten Berufen arbeiten, leiden unter dieser krassen<br \/>\nSituation besonders und gehen weit \u00fcber ihre Belastungsgrenzen<br \/>\nhinaus!<br \/>\nWir gehen f\u00fcr unseren Lohn arbeiten, im Homeoffice oder auf<br \/>\nArbeit, schmei\u00dfen nebenbei den Haushalt und erziehen unsere<br \/>\nKinder. Gleichzeitig sind wir Lehrerinnen, emotionale<br \/>\nSeelsorgerinnen f\u00fcr unser soziales Umfeld und managen s\u00e4mtliche<br \/>\nProbleme, die anstehen. Und damit einhergehend werden<br \/>\nErwartungen an uns gestellt, denen wir nicht gerecht werden<br \/>\nk\u00f6nnen, nicht wollen und nicht werden!<br \/>\nUnd dennoch halten wir die Gesellschaft am laufen!<br \/>\nUns als Frauenkollektiv ist klar, wie vielen Frauen es in den<br \/>\neigenen 4 W\u00e4nde gerade wahnsinnig schlecht geht. Und genau aus<br \/>\ndiesem Grund wollen wir eure Situation, eure Geschichten,<br \/>\nErfahrungen und Forderungen h\u00f6ren, um sie dahin zu tragen wo<br \/>\nsie hingeh\u00f6ren!<br \/>\nNicht hinter verschlossene T\u00fcren &#8211; sondern auf die Stra\u00dfen.<br \/>\nAm 8.M\u00e4rz zum internationalen Frauenkampftag!<br \/>\nWir m\u00fcssen zusammenhalten, Frauensolidarit\u00e4t leben und sagen:<br \/>\nUns reicht es! Wir nehmen die Situation nicht mehr so hin!<br \/>\nSchreibt uns, schickt uns Sprachnachrichten, Videos, lasst euch von<br \/>\nuns interviewen und kommt am 8.M\u00e4rz mit auf die Stra\u00dfe!<br \/>\nTraut euch!<br \/>\nEuer Frauenkollektiv<\/span><\/p>\n","protected":false},"excerpt":{"rendered":"<p>&#8222;Tapfer, unverzagt und l\u00e4chelnd &#8211; Trotz alledem!&#8220; ~Rosa Luxemburg Die aktuelle Lebensrealit\u00e4t aller arbeitenden Menschen, Studierenden, Azubis und Rentner:innen ist gerade heftigst gepr\u00e4gt von der Corona-Pandemie, deren Auswirkungen und der aktuellen Wirtschaftskrise. Doch vom gesellschaftlichen Ausnahmezustand sind nicht alle gleich betroffen! Wir Frauen, insbesondere diejenigen von uns, die in systemrelevanten Berufen arbeiten, leiden unter dieser [&hellip;]<\/p>\n","protected":false},"author":1,"featured_media":268,"comment_status":"open","ping_status":"open","sticky":false,"template":"","format":"standard","meta":{"_jetpack_memberships_contains_paid_content":false,"footnotes":""},"categories":[1],"tags":[],"class_list":["post-267","post","type-post","status-publish","format-standard","has-post-thumbnail","hentry","category-uncategorized"],"blocksy_meta":[],"jetpack_featured_media_url":"https:\/\/frauenkollektiv.de\/wp-content\/uploads\/2021\/03\/8.Maerz-Flyer_end.png","jetpack_sharing_enabled":true,"_links":{"self":[{"href":"https:\/\/frauenkollektiv.de\/index.php\/wp-json\/wp\/v2\/posts\/267","targetHints":{"allow":["GET"]}}],"collection":[{"href":"https:\/\/frauenkollektiv.de\/index.php\/wp-json\/wp\/v2\/posts"}],"about":[{"href":"https:\/\/frauenkollektiv.de\/index.php\/wp-json\/wp\/v2\/types\/post"}],"author":[{"embeddable":true,"href":"https:\/\/frauenkollektiv.de\/index.php\/wp-json\/wp\/v2\/users\/1"}],"replies":[{"embeddable":true,"href":"https:\/\/frauenkollektiv.de\/index.php\/wp-json\/wp\/v2\/comments?post=267"}],"version-history":[{"count":1,"href":"https:\/\/frauenkollektiv.de\/index.php\/wp-json\/wp\/v2\/posts\/267\/revisions"}],"predecessor-version":[{"id":269,"href":"https:\/\/frauenkollektiv.de\/index.php\/wp-json\/wp\/v2\/posts\/267\/revisions\/269"}],"wp:featuredmedia":[{"embeddable":true,"href":"https:\/\/frauenkollektiv.de\/index.php\/wp-json\/wp\/v2\/media\/268"}],"wp:attachment":[{"href":"https:\/\/frauenkollektiv.de\/index.php\/wp-json\/wp\/v2\/media?parent=267"}],"wp:term":[{"taxonomy":"category","embeddable":true,"href":"https:\/\/frauenkollektiv.de\/index.php\/wp-json\/wp\/v2\/categories?post=267"},{"taxonomy":"post_tag","embeddable":true,"href":"https:\/\/frauenkollektiv.de\/index.php\/wp-json\/wp\/v2\/tags?post=267"}],"curies":[{"name":"wp","href":"https:\/\/api.w.org\/{rel}","templated":true}]}}