{"id":264,"date":"2021-03-01T17:01:25","date_gmt":"2021-03-01T17:01:25","guid":{"rendered":"https:\/\/frauenkollektiv.de\/?p=264"},"modified":"2021-03-01T17:01:53","modified_gmt":"2021-03-01T17:01:53","slug":"das-war-der-8-maerz-2020-in-koeln","status":"publish","type":"post","link":"https:\/\/frauenkollektiv.de\/index.php\/2021\/03\/01\/das-war-der-8-maerz-2020-in-koeln\/","title":{"rendered":"Das war der 8. M\u00e4rz 2020 in K\u00f6ln"},"content":{"rendered":"<p>Frauen* k\u00e4mpfen international, gegen Faschismus, Krieg und Kapital!<\/p>\n<p>Der 8. M\u00e4rz begann f\u00fcr uns mit einem ausgiebigen Fr\u00fchst\u00fcck in unserem Streikcaf\u00e9. Um 15 Uhr nahmen wir uns dann mit 4000 weiteren Frauen, inter und nicht-bin\u00e4ren Personen die Stra\u00dfen in K\u00f6ln.<\/p>\n<p>Wir liefen mit vielen anderen im antirassistischen, internationalistischen Block. Dementsprechend riefen wir auch viele Parolen in anderen Sprachen wie Jin Jiyan Azadi (Frauen leben Freiheit ) und &#8222;El Pueblo unido jamas sera vencido&#8220;. Auch erz\u00e4hlte die Moderation von den K\u00e4mpfen der Frauen* wie z.B in Chile und der T\u00fcrkei. Unsere Parolen gegen Rassismus waren laut und volle St\u00e4rke, wir haben uns gefreut, die starken Schwarzen Frauen und Migrantinnen in den ersten Reihen zu supporten!<br \/>\nMit auf der Stra\u00dfe war nat\u00fcrlich auch Ivana Hoffmann, die 2015 in Rojava im Kampf gegen den IS gefallen ist. Sie verteidigte mutig die Frauenrevolution in Rojava.<br \/>\nF\u00fcr uns geht mit dem 8. M\u00e4rz auch die Kampagne zu dem Motto &#8222;Vielen Dank f\u00fcr die Blumen&#8220; zuende. Wir wollen keine Blumen geschenkt bekommen &#8211; wir erk\u00e4mpfen gemeinsam die Frauen*revolution!<\/p>\n<p>Das haben auch alle, die im Laufe des letzten Monats auf unsere Tafel geschrieben haben, deutlich gemacht. Wir w\u00fcnschen allen Frauen, inter und nicht-bin\u00e4ren Personen ein k\u00e4mpferisches weiteres Jahr!<\/p>\n","protected":false},"excerpt":{"rendered":"<p>Frauen* k\u00e4mpfen international, gegen Faschismus, Krieg und Kapital! Der 8. M\u00e4rz begann f\u00fcr uns mit einem ausgiebigen Fr\u00fchst\u00fcck in unserem Streikcaf\u00e9. Um 15 Uhr nahmen wir uns dann mit 4000 weiteren Frauen, inter und nicht-bin\u00e4ren Personen die Stra\u00dfen in K\u00f6ln. Wir liefen mit vielen anderen im antirassistischen, internationalistischen Block. Dementsprechend riefen wir auch viele Parolen [&hellip;]<\/p>\n","protected":false},"author":1,"featured_media":265,"comment_status":"open","ping_status":"open","sticky":false,"template":"","format":"standard","meta":{"_jetpack_memberships_contains_paid_content":false,"footnotes":""},"categories":[1],"tags":[],"class_list":["post-264","post","type-post","status-publish","format-standard","has-post-thumbnail","hentry","category-uncategorized"],"blocksy_meta":[],"jetpack_featured_media_url":"https:\/\/frauenkollektiv.de\/wp-content\/uploads\/2021\/03\/83078111_603678180466629_225121037670946970_n.jpg","jetpack_sharing_enabled":true,"_links":{"self":[{"href":"https:\/\/frauenkollektiv.de\/index.php\/wp-json\/wp\/v2\/posts\/264","targetHints":{"allow":["GET"]}}],"collection":[{"href":"https:\/\/frauenkollektiv.de\/index.php\/wp-json\/wp\/v2\/posts"}],"about":[{"href":"https:\/\/frauenkollektiv.de\/index.php\/wp-json\/wp\/v2\/types\/post"}],"author":[{"embeddable":true,"href":"https:\/\/frauenkollektiv.de\/index.php\/wp-json\/wp\/v2\/users\/1"}],"replies":[{"embeddable":true,"href":"https:\/\/frauenkollektiv.de\/index.php\/wp-json\/wp\/v2\/comments?post=264"}],"version-history":[{"count":1,"href":"https:\/\/frauenkollektiv.de\/index.php\/wp-json\/wp\/v2\/posts\/264\/revisions"}],"predecessor-version":[{"id":266,"href":"https:\/\/frauenkollektiv.de\/index.php\/wp-json\/wp\/v2\/posts\/264\/revisions\/266"}],"wp:featuredmedia":[{"embeddable":true,"href":"https:\/\/frauenkollektiv.de\/index.php\/wp-json\/wp\/v2\/media\/265"}],"wp:attachment":[{"href":"https:\/\/frauenkollektiv.de\/index.php\/wp-json\/wp\/v2\/media?parent=264"}],"wp:term":[{"taxonomy":"category","embeddable":true,"href":"https:\/\/frauenkollektiv.de\/index.php\/wp-json\/wp\/v2\/categories?post=264"},{"taxonomy":"post_tag","embeddable":true,"href":"https:\/\/frauenkollektiv.de\/index.php\/wp-json\/wp\/v2\/tags?post=264"}],"curies":[{"name":"wp","href":"https:\/\/api.w.org\/{rel}","templated":true}]}}