{"id":254,"date":"2021-03-01T16:45:06","date_gmt":"2021-03-01T16:45:06","guid":{"rendered":"https:\/\/frauenkollektiv.de\/?p=254"},"modified":"2021-03-07T13:55:14","modified_gmt":"2021-03-07T13:55:14","slug":"ivana-hoffmann","status":"publish","type":"post","link":"https:\/\/frauenkollektiv.de\/index.php\/2021\/03\/01\/ivana-hoffmann\/","title":{"rendered":"Ivana Hoffmann"},"content":{"rendered":"<p>In den Reihen der MLKP (Marxistisch-Leninistische Kommunistische Partei T\u00fcrkei\/Kurdistan) verteidigte sie die Errungenschaften der Revolution in Rojava gegen den \u201eIslamischen Staat\u201c.<br \/>\nIvana ist eine beeindruckende und starke junge Frau, die durch ihre Selbstlosigkeit und Kraft f\u00fcr unz\u00e4hlige junge Frauen zu einem gro\u00dfen Vorbild wurde.<br \/>\nIvana wird in unserem Kampf unsterblich sein!Wir werden ihren Weg gemeinsam fortf\u00fchren.<\/p>\n<p>Wo sie es erkannte, ist Ivana schon fr\u00fch gegen Unrecht vorgegangen. Eigene Unterdr\u00fcckungs- und Diskriminierungserfahrungen pr\u00e4gten die junge lesbische Frau mit afrikanischen Wurzeln und st\u00e4rkten sie in ihrem Willen und Kampfgeist. Geboren wurde Ivana am 1. September 1995 in Emmerich und ihre ersten politischen Schritte machte sie als Sch\u00fclerin in der Bildungsstreikbewegung 2009. Mit ihrer \u00dcberzeugung f\u00fcr den politischen Streik aktivierte sie viele Sch\u00fclerinnen und Sch\u00fcler ihrer Heimatstadt Duisburg zur Teilnahme an den Protesten. Die fr\u00f6hliche, aufgeweckte junge Frau wurde wegen ihres ausgepr\u00e4gten Einf\u00fchlungsverm\u00f6gens und ihrer herzlichen, einladenden Art zur Pressesprecherin der Bewegung gew\u00e4hlt. Als Ivana sich 2011 der sozialistischen Jugendorganisation Young Struggle anschloss, entwickelte sie sich schnell in ihren F\u00e4higkeiten und ihrem Bewusstsein f\u00fcr ihre Klasse. Sie begann bestehende gesellschaftliche Verh\u00e4ltnisse in Frage zu stellen, \u00fcbernahm Verantwortung, wo es ihr m\u00f6glich war, bildete und organisierte sich f\u00fcr den Kampf um Gerechtigkeit. Ivana suchte eine Antwort auf ihre Fragen und fand diese im Aufbau einer befreiten und gerechten Welt; frei von Ausbeutung und Unterdr\u00fcckung; frei von Kriegen und Krisen; frei von Patriarchat und Rassismus. Eine Gesellschaft, in der nicht auf Kosten von Mensch und Natur gewirtschaftet wird. Jeden Tag k\u00e4mpfte sie daf\u00fcr, diese Vorstellung einer Welt, in der jeder Mensch mit seinen F\u00e4higkeiten und nach seinen Bed\u00fcrfnissen leben kann, zu verwirklichen.<\/p>\n<p><a class=\"oajrlxb2 g5ia77u1 qu0x051f esr5mh6w e9989ue4 r7d6kgcz rq0escxv nhd2j8a9 nc684nl6 p7hjln8o kvgmc6g5 cxmmr5t8 oygrvhab hcukyx3x jb3vyjys rz4wbd8a qt6c0cv9 a8nywdso i1ao9s8h esuyzwwr f1sip0of lzcic4wl py34i1dx gpro0wi8\" tabindex=\"0\" role=\"link\" href=\"https:\/\/komaufbau.org\/ivana-hoffmann-junge-revolutionaerinnen\/?fbclid=IwAR0WuqFKDab9ceDKy3_GixHBh7IuCgoYGUxR6EhCpFx61tPt7RdSe-0Xjzk\" target=\"_blank\" rel=\"nofollow noopener\">https:\/\/komaufbau.org\/ivana-hoffmann-junge&#8230;\/<\/a><\/p>\n","protected":false},"excerpt":{"rendered":"<p>In den Reihen der MLKP (Marxistisch-Leninistische Kommunistische Partei T\u00fcrkei\/Kurdistan) verteidigte sie die Errungenschaften der Revolution in Rojava gegen den \u201eIslamischen Staat\u201c. Ivana ist eine beeindruckende und starke junge Frau, die durch ihre Selbstlosigkeit und Kraft f\u00fcr unz\u00e4hlige junge Frauen zu einem gro\u00dfen Vorbild wurde. Ivana wird in unserem Kampf unsterblich sein!Wir werden ihren Weg gemeinsam [&hellip;]<\/p>\n","protected":false},"author":1,"featured_media":255,"comment_status":"open","ping_status":"open","sticky":false,"template":"","format":"standard","meta":{"_jetpack_memberships_contains_paid_content":false,"footnotes":""},"categories":[1],"tags":[],"class_list":["post-254","post","type-post","status-publish","format-standard","has-post-thumbnail","hentry","category-uncategorized"],"blocksy_meta":[],"jetpack_featured_media_url":"https:\/\/frauenkollektiv.de\/wp-content\/uploads\/2021\/03\/ivana.jpg","jetpack_sharing_enabled":true,"_links":{"self":[{"href":"https:\/\/frauenkollektiv.de\/index.php\/wp-json\/wp\/v2\/posts\/254","targetHints":{"allow":["GET"]}}],"collection":[{"href":"https:\/\/frauenkollektiv.de\/index.php\/wp-json\/wp\/v2\/posts"}],"about":[{"href":"https:\/\/frauenkollektiv.de\/index.php\/wp-json\/wp\/v2\/types\/post"}],"author":[{"embeddable":true,"href":"https:\/\/frauenkollektiv.de\/index.php\/wp-json\/wp\/v2\/users\/1"}],"replies":[{"embeddable":true,"href":"https:\/\/frauenkollektiv.de\/index.php\/wp-json\/wp\/v2\/comments?post=254"}],"version-history":[{"count":2,"href":"https:\/\/frauenkollektiv.de\/index.php\/wp-json\/wp\/v2\/posts\/254\/revisions"}],"predecessor-version":[{"id":263,"href":"https:\/\/frauenkollektiv.de\/index.php\/wp-json\/wp\/v2\/posts\/254\/revisions\/263"}],"wp:featuredmedia":[{"embeddable":true,"href":"https:\/\/frauenkollektiv.de\/index.php\/wp-json\/wp\/v2\/media\/255"}],"wp:attachment":[{"href":"https:\/\/frauenkollektiv.de\/index.php\/wp-json\/wp\/v2\/media?parent=254"}],"wp:term":[{"taxonomy":"category","embeddable":true,"href":"https:\/\/frauenkollektiv.de\/index.php\/wp-json\/wp\/v2\/categories?post=254"},{"taxonomy":"post_tag","embeddable":true,"href":"https:\/\/frauenkollektiv.de\/index.php\/wp-json\/wp\/v2\/tags?post=254"}],"curies":[{"name":"wp","href":"https:\/\/api.w.org\/{rel}","templated":true}]}}