{"id":185,"date":"2021-02-27T20:59:54","date_gmt":"2021-02-27T20:59:54","guid":{"rendered":"https:\/\/frauenkollektiv.de\/?p=185"},"modified":"2025-06-16T13:03:39","modified_gmt":"2025-06-16T13:03:39","slug":"das-recht-auf-selbstbestimmung","status":"publish","type":"post","link":"https:\/\/frauenkollektiv.de\/index.php\/2021\/02\/27\/das-recht-auf-selbstbestimmung\/","title":{"rendered":"Das Recht auf Selbstbestimmung"},"content":{"rendered":"\n<div class=\"wp-block-stackable-text stk-block-text stk-block stk-e5458a5\" data-block-id=\"e5458a5\"><p class=\"stk-block-text__text\">Ein Akt der Gewalt muss nicht immer physisch sein. Er kann auch darin bestehen die Freiheit der Frau zu beschneiden. So liegt es im Interesse des Patriarchats, bestimmte Rollenbilder aufrecht zu erhalten. Damit Frauen sich in diese Rollenbilder einf\u00fcgen, wird ihnen schon fr\u00fch das Selbstbestimmungsrecht genommen. Ihnen wird erkl\u00e4rt, einige Verhaltensweisen seien &#8222;weiblich&#8220; und damit angemessen und andere nicht. Ihre K\u00f6rper und Kleidung werden kontrolliert. Dies nimmt einzelnen Personen Freiheiten, definiert ihre Selbstwahrnehmung, ist ungerecht und in vielerlei Hinsicht problematisch.<\/p><\/div>\n\n\n\n<div class=\"wp-block-stackable-text stk-block-text stk-block stk-44c8542\" data-block-id=\"44c8542\"><p class=\"stk-block-text__text\">F\u00fcr die meisten von uns, ganz egal welchen Geschlechts, beginnen die Angriffe auf das k\u00f6rperliche Selbstbestimmungsrecht schon fr\u00fch. Jungen spielen mit blauen Baggern und werden furchtlose Ritter, w\u00e4hrend die M\u00e4dchen im rosa Kleidchen eine brave, sch\u00f6ne Prinzessin sein sollen. Als Kinder auf Familienfeiern wird uns gesagt, dass es unh\u00f6flich ist, wenn man nicht jeder Tante oder Oma ein K\u00fcsschen gibt. Egal wie ungern wir dieser Forderung nachkommen, sich zu wehren, w\u00e4re unerzogen. So unschuldig das erscheinen mag, es ist h\u00e4ufig leider erst der Anfang.<\/p><\/div>\n\n\n\n<h5 class=\"wp-block-heading\">sexistische Kleiderordnungen<\/h5>\n\n\n\n<div class=\"wp-block-stackable-text stk-block-text stk-block stk-04e0034\" data-block-id=\"04e0034\"><p class=\"stk-block-text__text\">In der Schule geht es weiter. Schon hier werden junge M\u00e4dchen sexualisiert und wegen ihres Geschlechts diskriminiert! Viele von uns gehen auf Schulen, an denen weiblich gelesene K\u00f6rper eine Kleiderordnung beachten m\u00fcssen. Zum Beispiel darf man BH-Tr\u00e4ger nicht sehen, Schultern m\u00fcssen bedeckt sein, Hosen d\u00fcrfen nicht zu eng oder zu kurz sein. F\u00fcr alle anderen gilt meistens nur, dass man die Boxershorts nicht sehen darf. Das sind Regelungen, die nicht nur unsinnig, sondern auch ungerecht und problematisch sind.<\/p><\/div>\n\n\n\n<div class=\"wp-block-stackable-text stk-block-text stk-block stk-5d55ae9\" data-block-id=\"5d55ae9\"><p class=\"stk-block-text__text\">Doch welches Rollenbild von Sch\u00fcler:innen sowie Lehrpersonen steht dahinter?<\/p><\/div>\n\n\n\n<div class=\"wp-block-stackable-text stk-block-text stk-block stk-e99d494\" data-block-id=\"e99d494\"><p class=\"stk-block-text__text\">Es ist ein \u00dcberbleibsel aus klerikaleren Zeiten, in denen der weibliche K\u00f6rper von Seiten der Kirche verteufelt und die Frauen angehalten wurden, sich zu bedecken. Andernfalls mussten sie f\u00fcrchten, als &#8222;unehrenhaft&#8220; oder &#8222;umtriebig&#8220; zu gelten, da behauptet wurde, dass der weibliche K\u00f6rper den Mann zu sehr in Versuchung f\u00fchren w\u00fcrde.<\/p><\/div>\n\n\n\n<h5 class=\"wp-block-heading\">Verh\u00fctungsmittel, die unserer Gesundheit schaden<\/h5>\n\n\n\n<div class=\"wp-block-stackable-text stk-block-text stk-block stk-38b6d51\" data-block-id=\"38b6d51\"><p class=\"stk-block-text__text\">In der Pubert\u00e4t stellen sich einige zum ersten Mal die Frage, wie sie Sexualit\u00e4t erleben und verh\u00fcten wollen. Abgesehen von Kondomen liegt dann bei fast allen Verh\u00fctungsmitteln (zum Beispiel bei der Pille, Spirale, Hormonimplantaten\u2026) die Verantwortung bei der Person, die schwanger werden kann.<\/p><\/div>\n\n\n\n<div class=\"wp-block-stackable-text stk-block-text stk-block stk-11fdf69\" data-block-id=\"11fdf69\"><p class=\"stk-block-text__text\">Auch alle Nebenwirkungen liegen letztendlich bei uns, inklusive Migr\u00e4ne, \u00dcbelkeit, der Gefahr einer Thrombose und oft auch Depressionen.<\/p><\/div>\n\n\n\n<div class=\"wp-block-stackable-text stk-block-text stk-block stk-9a7d34e\" data-block-id=\"9a7d34e\"><p class=\"stk-block-text__text\">Bei vereinzelten Versuchen eine Verh\u00fctungsmethode f\u00fcr den Mann zu finden, haben sich mehrere Probanden \u00fcber genau diese Nebenwirkungen beklagt. Daraufhin wurde die Forschung eingestellt. Die Begr\u00fcndung daf\u00fcr war, dass die Forschung sich nicht lohne, da es keinen Markt f\u00fcr solche Produkte g\u00e4be und man folglich keinen Profit daraus schlagen k\u00f6nne. Eine mehr als willkommene Ausrede, um die Gesundheit der Frau und auch ihre Selbstbestimmung weiterhin einzuschr\u00e4nken.<\/p><\/div>\n\n\n\n<h5 class=\"wp-block-heading\">die qualvollen Prozesse, die Intersexuelle Personen erleben<\/h5>\n\n\n\n<div class=\"wp-block-stackable-text stk-block-text stk-block stk-d58b1b2\" data-block-id=\"d58b1b2\"><p class=\"stk-block-text__text\">S\u00e4uglinge, die auf irgendeine Weise nicht dem bin\u00e4ren Geschlechtersystem (also Frauen mit Vulva und M\u00e4nner mit Penis) entsprechen, werden schon im fr\u00fchen Kindesalter medizinisch \u201eangepasst\u201c. Dabei steht das \u00e4u\u00dfere, \u201enormale\u201c Erscheinungsbild im Fokus, nicht das Wohlbefinden, die Freiheit von Medikamenten oder das psychische Wohlergehen.<\/p><\/div>\n\n\n\n<div class=\"wp-block-stackable-text stk-block-text stk-block stk-4436bea\" data-block-id=\"4436bea\"><p class=\"stk-block-text__text\">Viele Mediziner:innen wollen gar nicht sehen, dass Kinder auch als intersexuelle Personen ein gesundes, lebenswertes Leben haben. Viele intersexuelle Personen wehren sich heute dagegen und leiden viel mehr unter Operationen, Nebenwirkungen und dem Zwang sich zu verstellen als unter ihrer Intersexualit\u00e4t. Auch Menschen, die sich nicht mit ihrem bei der Geburt zugeordneten Geschlecht identifizieren, m\u00fcssen viele Gespr\u00e4che mit \u201eExpert:innen\u201c f\u00fchren, die ihr Geschlecht laut dem Gesetz besser kennen als sie selbst. Zwar ist es nach langem Kampf nun m\u00f6glich, dass Personen sich als \u201edivers\u201c im Personenstandsregister eintragen lassen k\u00f6nnen \u2013 viele weitere H\u00fcrden ebenso wie Feindlichkeit in der Gesellschaft sind dennoch Angriffe auf queere und intergeschlechtliche Personen.<\/p><\/div>\n\n\n\n<h5 class=\"wp-block-heading\">sexuelle \u00dcbergriffe im Alltag<\/h5>\n\n\n\n<div class=\"wp-block-stackable-text stk-block-text stk-block stk-3b11c7b\" data-block-id=\"3b11c7b\"><p class=\"stk-block-text__text\">Auch au\u00dferhalb der eigenen vier W\u00e4nde sind \u00dcbergriffe leider keine Seltenheit.<\/p><\/div>\n\n\n\n<div class=\"wp-block-stackable-text stk-block-text stk-block stk-ded06ac\" data-block-id=\"ded06ac\"><p class=\"stk-block-text__text\">Ob in der Schule, Universit\u00e4t, dem B\u00fcro oder in unserer Freizeit im Sportclub oder dem Freibad: Wir alle kennen das unangenehme Gef\u00fchl nachts allein den Heimweg anzutreten.<\/p><\/div>\n\n\n\n<div class=\"wp-block-stackable-text stk-block-text stk-block stk-9e7727c\" data-block-id=\"9e7727c\"><p class=\"stk-block-text__text\">\u00dcbergriffige Ber\u00fchrungen, dumme Spr\u00fcche und unangenehme Blicke sind f\u00fcr uns leider so normal, dass wir uns oft nicht einmal mehr dar\u00fcber aufregen. Schon lange bevor wir das erste Mal in Clubs gehen d\u00fcrfen, wissen wir, was KO-Tropfen sind.&nbsp; Wie kann es sein, dass uns erkl\u00e4rt wird, dass und wie wir uns sch\u00fctzen m\u00fcssen?<\/p><\/div>\n\n\n\n<div class=\"wp-block-stackable-text stk-block-text stk-block stk-4569b06\" data-block-id=\"4569b06\"><p class=\"stk-block-text__text\">W\u00e4re es nicht besser, m\u00e4nnlichen T\u00e4tern zu erkl\u00e4ren, dass ihr Verhalten grundlegend falsch ist?<\/p><\/div>\n\n\n\n<div class=\"wp-block-stackable-text stk-block-text stk-block stk-f070bcc\" data-block-id=\"f070bcc\"><p class=\"stk-block-text__text\">Umso wichtiger ist es, dass wir Freund:innen haben, denen wir vertrauen k\u00f6nnen, mit denen wir aufeinander achten und auch anderen gegen\u00fcber solidarisch sein k\u00f6nnen, wenn wir \u00fcbergriffiges Verhalten erleben!<\/p><\/div>\n\n\n\n<h5 class=\"wp-block-heading\">Soziale Medien<\/h5>\n\n\n\n<div class=\"wp-block-stackable-text stk-block-text stk-block stk-98f5106\" data-block-id=\"98f5106\"><p class=\"stk-block-text__text\">Selbiges gilt auch f\u00fcr \u00dcbergriffe im medialen \u00f6ffentlichen Raum. Ob bei Instagram, Facebook, Twitter oder anderen Plattformen: Auch hier sind wir sensibel und zeigen uns solidarisch mit den Opfern patriarchaler Gewalt.&nbsp;Egal ob es sich um Fotos handelt, die ohne Einwilligung verbreitet werden, aufdringliche Nachrichten und Stalking, Hatespeech oder auch das ungewollte Outing von Privatpersonen oder Sexarbeiter:innen.<\/p><\/div>\n\n\n\n<div class=\"wp-block-stackable-text stk-block-text stk-block stk-e285a15\" data-block-id=\"e285a15\"><p class=\"stk-block-text__text\">Gerade hier ist unsere gelebte Solidarit\u00e4t gefordert, denn f\u00fcr den medialen Raum gibt es derzeit noch wenig bis keine M\u00f6glichkeiten der juristischen Handhabe um T\u00e4ter:innen zu belangen oder auch einfach um Inhalte aus dem Netz zu entfernen.<\/p><\/div>\n\n\n\n<h5 class=\"wp-block-heading\">oder ein Abtreibungsverbot<\/h5>\n\n\n\n<div class=\"wp-block-stackable-text stk-block-text stk-block stk-de9bffd\" data-block-id=\"de9bffd\"><p class=\"stk-block-text__text\">Abtreibungen sind in Deutschland nicht legal. Unter bestimmten \u201eIndikationen\u201c sind sie straffrei durchf\u00fchrbar, doch der Staat weigert sich seit Jahrzehnten, sie zu legalisieren. Dabei wissen wir: Ein Abtreibungsverbot macht Abtreibungen nicht seltener, es macht sie nur gef\u00e4hrlicher! Weltweit sterben jedes Jahr 70.000 schwangere Menschen bei dem Versuch, eine Schwangerschaft abzubrechen. Weil ihnen der legale Weg verweigert wird, greifen sie oft auf selbstgepanschte Medikamente, physische Gewalt oder einen Kleiderb\u00fcgel zur\u00fcck. Deswegen ist dieser auch zum Symbol der weltweiten k\u00e4mpferischen Bewegung f\u00fcr sichere und legale Abtreibungen geworden.<\/p><\/div>\n\n\n\n<div class=\"wp-block-stackable-text stk-block-text stk-block stk-0b9a0e8\" data-block-id=\"0b9a0e8\"><p class=\"stk-block-text__text\">Alle genannten Beispiele sind Angriffe auf Frauen oder Personen, die nicht eindeutig ins bin\u00e4re Geschlechtersystem passen oder passen wollen. Wir fordern: F\u00fcr Menschen aller Geschlechter ein Leben frei von Angriffen auf ihren K\u00f6rper! Lasst uns unser Recht auf k\u00f6rperliche Selbstbestimmung einfordern!<\/p><\/div>\n","protected":false},"excerpt":{"rendered":"<p>Ein Akt der Gewalt muss nicht immer physisch sein. Er kann auch darin bestehen die Freiheit der Frau zu beschneiden. So liegt es im Interesse des Patriarchats, bestimmte Rollenbilder aufrecht zu erhalten. Damit Frauen sich in diese Rollenbilder einf\u00fcgen, wird ihnen schon fr\u00fch das Selbstbestimmungsrecht genommen. Ihnen wird erkl\u00e4rt, einige Verhaltensweisen seien &#8222;weiblich&#8220; und damit [&hellip;]<\/p>\n","protected":false},"author":1,"featured_media":761,"comment_status":"open","ping_status":"open","sticky":false,"template":"","format":"standard","meta":{"_jetpack_memberships_contains_paid_content":false,"footnotes":""},"categories":[4],"tags":[],"class_list":["post-185","post","type-post","status-publish","format-standard","has-post-thumbnail","hentry","category-positionspapiere"],"blocksy_meta":[],"jetpack_featured_media_url":"https:\/\/frauenkollektiv.de\/wp-content\/uploads\/2025\/06\/selbstbestimmung.jpg","jetpack_sharing_enabled":true,"_links":{"self":[{"href":"https:\/\/frauenkollektiv.de\/index.php\/wp-json\/wp\/v2\/posts\/185","targetHints":{"allow":["GET"]}}],"collection":[{"href":"https:\/\/frauenkollektiv.de\/index.php\/wp-json\/wp\/v2\/posts"}],"about":[{"href":"https:\/\/frauenkollektiv.de\/index.php\/wp-json\/wp\/v2\/types\/post"}],"author":[{"embeddable":true,"href":"https:\/\/frauenkollektiv.de\/index.php\/wp-json\/wp\/v2\/users\/1"}],"replies":[{"embeddable":true,"href":"https:\/\/frauenkollektiv.de\/index.php\/wp-json\/wp\/v2\/comments?post=185"}],"version-history":[{"count":3,"href":"https:\/\/frauenkollektiv.de\/index.php\/wp-json\/wp\/v2\/posts\/185\/revisions"}],"predecessor-version":[{"id":789,"href":"https:\/\/frauenkollektiv.de\/index.php\/wp-json\/wp\/v2\/posts\/185\/revisions\/789"}],"wp:featuredmedia":[{"embeddable":true,"href":"https:\/\/frauenkollektiv.de\/index.php\/wp-json\/wp\/v2\/media\/761"}],"wp:attachment":[{"href":"https:\/\/frauenkollektiv.de\/index.php\/wp-json\/wp\/v2\/media?parent=185"}],"wp:term":[{"taxonomy":"category","embeddable":true,"href":"https:\/\/frauenkollektiv.de\/index.php\/wp-json\/wp\/v2\/categories?post=185"},{"taxonomy":"post_tag","embeddable":true,"href":"https:\/\/frauenkollektiv.de\/index.php\/wp-json\/wp\/v2\/tags?post=185"}],"curies":[{"name":"wp","href":"https:\/\/api.w.org\/{rel}","templated":true}]}}